
{"id":138867,"date":"2026-02-23T08:50:49","date_gmt":"2026-02-23T08:50:49","guid":{"rendered":"https:\/\/www.santanyi.net\/haus-im-mediterranen-stil-was-zeichnet-es-aus-und-welche-architektonischen-merkmale-sind-entscheidend\/"},"modified":"2026-02-23T08:50:49","modified_gmt":"2026-02-23T08:50:49","slug":"haus-im-mediterranen-stil-was-zeichnet-es-aus-und-welche-architektonischen-merkmale-sind-entscheidend","status":"publish","type":"post","link":"https:\/\/www.santanyi.net\/de\/haus-im-mediterranen-stil-was-zeichnet-es-aus-und-welche-architektonischen-merkmale-sind-entscheidend\/","title":{"rendered":"Haus im mediterranen Stil: Was zeichnet es aus und welche architektonischen Merkmale sind entscheidend?"},"content":{"rendered":"<p data-start=\"163\" data-end=\"569\">Das Haus im mediterranen Stil ist einer der repr\u00e4sentativsten Typen Mallorcas. Sein Design ist nicht nur eine Frage der \u00c4sthetik, sondern auch eine intelligente Anpassung an das Klima, die Landschaft und die Lebensweise der Insel. Nat\u00fcrliches Licht, edle Materialien und die Verbindung zum Au\u00dfenbereich sind die Grundlage einer Architektur, die sich \u00fcber Jahrhunderte hinweg bew\u00e4hrt hat und auch heute noch zu den gefragtesten geh\u00f6rt.  <\/p>\n<p data-start=\"571\" data-end=\"708\">Bei REMAX Drac sehen wir, dass diese Art von Wohnraum sowohl bei traditionellen Anwesen als auch bei Neubauten weiterhin eine Referenz darstellt.<\/p>\n<h2 data-start=\"715\" data-end=\"769\"><\/h2>\n<h2 data-start=\"715\" data-end=\"769\">Was zeichnet ein Haus im mediterranen Stil aus?<\/h2>\n<p data-start=\"771\" data-end=\"856\">Der mediterrane Stil verbindet Tradition und Funktionalit\u00e4t. Seine Hauptmerkmale sind: <\/p>\n<ul data-start=\"858\" data-end=\"1091\">\n<li data-start=\"858\" data-end=\"916\">\n<p data-start=\"860\" data-end=\"916\">Helle Farben an Fassaden (Wei\u00df, Sand, Erdt\u00f6ne)<\/p>\n<\/li>\n<li data-start=\"917\" data-end=\"952\">\n<p data-start=\"919\" data-end=\"952\">Verwendung von mallorquinischem Naturstein<\/p>\n<\/li>\n<li data-start=\"953\" data-end=\"988\">\n<p data-start=\"955\" data-end=\"988\">Schr\u00e4ge D\u00e4cher mit arabischen Dachziegeln<\/p>\n<\/li>\n<li data-start=\"989\" data-end=\"1013\">\n<p data-start=\"991\" data-end=\"1013\">Sichtbare Holzbalken<\/p>\n<\/li>\n<li data-start=\"1014\" data-end=\"1060\">\n<p data-start=\"1016\" data-end=\"1060\">Gro\u00dfe Fenster und strategische Ausrichtung<\/p>\n<\/li>\n<li data-start=\"1061\" data-end=\"1091\">\n<p data-start=\"1063\" data-end=\"1091\">Innenh\u00f6fe und Terrassen<\/p>\n<\/li>\n<\/ul>\n<p data-start=\"1093\" data-end=\"1226\">\u00dcber diese visuellen Elemente hinaus ist es jedoch vor allem die Ausgewogenheit zwischen Innen und Au\u00dfen, die ein mediterranes Haus ausmacht.<\/p>\n<h2 data-start=\"1233\" data-end=\"1264\"><\/h2>\n<h2 data-start=\"1233\" data-end=\"1264\">Architektonische H\u00f6hepunkte<\/h2>\n<h3 data-start=\"1266\" data-end=\"1299\">1. Integration in die Umgebung<\/h3>\n<p data-start=\"1301\" data-end=\"1517\">Die mediterrane Architektur respektiert die Landschaft. Die H\u00e4user passen sich in der Regel dem Gel\u00e4nde an und f\u00fcgen sich mit ihren Steinmauern und der einheimischen Vegetation harmonisch in die nat\u00fcrliche Umgebung ein. Sie wollen sich nicht aufdr\u00e4ngen, sondern harmonieren.  <\/p>\n<h3 data-start=\"1519\" data-end=\"1554\">2. Auf das Klima abgestimmtes Design<\/h3>\n<p data-start=\"1556\" data-end=\"1668\">Mediterrane H\u00e4user sind so konzipiert, dass sie im Sommer vor Hitze sch\u00fctzen und im Winter die Temperatur halten:<\/p>\n<ul data-start=\"1670\" data-end=\"1817\">\n<li data-start=\"1670\" data-end=\"1723\">\n<p data-start=\"1672\" data-end=\"1723\">Dicke Mauern, die als nat\u00fcrliche Isolierung dienen<\/p>\n<\/li>\n<li data-start=\"1724\" data-end=\"1775\">\n<p data-start=\"1726\" data-end=\"1775\">Querl\u00fcftung zur K\u00fchlung der R\u00e4ume<\/p>\n<\/li>\n<li data-start=\"1776\" data-end=\"1817\">\n<p data-start=\"1778\" data-end=\"1817\">Veranden und Pergolen, die Schatten spenden<\/p>\n<\/li>\n<\/ul>\n<p data-start=\"1819\" data-end=\"1922\">Dieses traditionelle bioklimatische Design wird heute durch moderne energieeffiziente Systeme erg\u00e4nzt.<\/p>\n<h3 data-start=\"1924\" data-end=\"1961\">3. Die Bedeutung des nat\u00fcrlichen Lichts<\/h3>\n<p data-start=\"1963\" data-end=\"2162\">Die Ausrichtung ist von entscheidender Bedeutung. Die Hauptr\u00e4ume sind in der Regel nach S\u00fcden oder S\u00fcdwesten ausgerichtet, um das Tageslicht optimal zu nutzen. Gro\u00dfe Fenster verbinden den Innenbereich mit G\u00e4rten und Swimmingpools.  <\/p>\n<h3 data-start=\"2164\" data-end=\"2205\">4. Nat\u00fcrliche und handgefertigte Materialien<\/h3>\n<p data-start=\"2207\" data-end=\"2388\">Stein, Massivholz, Schmiedeeisen und Keramik sind wesentliche Bestandteile der Konstruktion. Diese Materialien sorgen nicht nur f\u00fcr \u00c4sthetik, sondern auch f\u00fcr Langlebigkeit und thermischen Komfort. <\/p>\n<h3 data-start=\"2390\" data-end=\"2442\">5. Au\u00dfenbereiche als Teil der Wohnung<\/h3>\n<p data-start=\"2444\" data-end=\"2632\">In einem mediterranen Haus ist der Au\u00dfenbereich keine Erg\u00e4nzung, sondern eine Erweiterung des Wohnraums. Terrassen, Innenh\u00f6fe, Chill-out-Bereiche und Swimmingpools sind von Anfang an Teil der architektonischen Gestaltung. <\/p>\n<h2 data-start=\"2639\" data-end=\"2686\"><\/h2>\n<h2 data-start=\"2639\" data-end=\"2686\">Die moderne Entwicklung des mediterranen Stils<\/h2>\n<p data-start=\"2688\" data-end=\"2774\">Heutzutage interpretieren viele Neubauten diesen Stil neu, indem sie folgende Elemente einbeziehen:<\/p>\n<ul data-start=\"2776\" data-end=\"2887\">\n<li data-start=\"2776\" data-end=\"2803\">\n<p data-start=\"2778\" data-end=\"2803\">Minimalistischere Linien<\/p>\n<\/li>\n<li data-start=\"2804\" data-end=\"2840\">\n<p data-start=\"2806\" data-end=\"2840\">Gro\u00dfe Glasfl\u00e4chen<\/p>\n<\/li>\n<li data-start=\"2841\" data-end=\"2863\">\n<p data-start=\"2843\" data-end=\"2863\">Systeme dom\u00f3ticos<\/p>\n<\/li>\n<li data-start=\"2864\" data-end=\"2887\">\n<p data-start=\"2866\" data-end=\"2887\">Erneuerbare Energien<\/p>\n<\/li>\n<\/ul>\n<p data-start=\"2889\" data-end=\"2982\">Die traditionelle Essenz bleibt erhalten, jedoch mit aktuellen Standards in Bezug auf Komfort und Nachhaltigkeit.<\/p>\n<h2 data-start=\"2989\" data-end=\"3002\"><\/h2>\n<h2 data-start=\"2989\" data-end=\"3002\">Schlussfolgerung<\/h2>\n<p data-start=\"3004\" data-end=\"3316\">Das Haus im mediterranen Stil ist nicht nur ein \u00e4sthetischer Trend, sondern eine Art, Architektur auf Mallorca zu verstehen. Funktional, hell, in die Landschaft integriert und so gestaltet, dass man den Au\u00dfenbereich genie\u00dfen kann, ist es nach wie vor einer der beliebtesten Haustypen sowohl bei Einheimischen als auch bei internationalen K\u00e4ufern. <\/p>\n<p data-start=\"3318\" data-end=\"3436\">Bei REMAX Drac helfen wir Ihnen dabei, Immobilien zu finden, die diese Essenz widerspiegeln und zu Ihrer Lebensweise auf der Insel passen.<\/p>\n","protected":false},"excerpt":{"rendered":"<p>Das Haus im mediterranen Stil ist einer der repr\u00e4sentativsten Typen Mallorcas. Sein Design ist nicht nur eine Frage der \u00c4sthetik, sondern auch eine intelligente Anpassung an das Klima, die Landschaft und die Lebensweise der Insel. Nat\u00fcrliches Licht, edle Materialien und die Verbindung zum Au\u00dfenbereich sind die Grundlage einer Architektur, die sich \u00fcber Jahrhunderte hinweg bew\u00e4hrt [&hellip;]<\/p>\n","protected":false},"author":1,"featured_media":138864,"comment_status":"open","ping_status":"open","sticky":false,"template":"","format":"standard","meta":{"_acf_changed":false,"_joinchat":[],"footnotes":""},"categories":[2848],"tags":[],"class_list":["post-138867","post","type-post","status-publish","format-standard","has-post-thumbnail","hentry","category-guides-and-tips"],"acf":[],"yoast_head":"<!-- This site is optimized with the Yoast SEO plugin v27.5 - https:\/\/yoast.com\/product\/yoast-seo-wordpress\/ -->\n<title>Haus im mediterranen Stil: Was zeichnet es aus und welche architektonischen Merkmale sind entscheidend? - RE\/MAX Drac<\/title>\n<meta name=\"robots\" content=\"index, follow, max-snippet:-1, max-image-preview:large, max-video-preview:-1\" \/>\n<link rel=\"canonical\" href=\"https:\/\/www.santanyi.net\/de\/haus-im-mediterranen-stil-was-zeichnet-es-aus-und-welche-architektonischen-merkmale-sind-entscheidend\/\" \/>\n<meta property=\"og:locale\" content=\"de_DE\" \/>\n<meta property=\"og:type\" content=\"article\" \/>\n<meta property=\"og:title\" content=\"Haus im mediterranen Stil: Was zeichnet es aus und welche architektonischen Merkmale sind entscheidend? - RE\/MAX Drac\" \/>\n<meta property=\"og:description\" content=\"Das Haus im mediterranen Stil ist einer der repr\u00e4sentativsten Typen Mallorcas. Sein Design ist nicht nur eine Frage der \u00c4sthetik, sondern auch eine intelligente Anpassung an das Klima, die Landschaft und die Lebensweise der Insel. Nat\u00fcrliches Licht, edle Materialien und die Verbindung zum Au\u00dfenbereich sind die Grundlage einer Architektur, die sich \u00fcber Jahrhunderte hinweg bew\u00e4hrt [&hellip;]\" \/>\n<meta property=\"og:url\" content=\"https:\/\/www.santanyi.net\/de\/haus-im-mediterranen-stil-was-zeichnet-es-aus-und-welche-architektonischen-merkmale-sind-entscheidend\/\" \/>\n<meta property=\"og:site_name\" content=\"RE\/MAX Drac\" \/>\n<meta property=\"article:published_time\" content=\"2026-02-23T08:50:49+00:00\" \/>\n<meta property=\"og:image\" content=\"https:\/\/www.santanyi.net\/wp-content\/uploads\/2026\/02\/casa-mediterranea1.jpg\" \/>\n\t<meta property=\"og:image:width\" content=\"1920\" \/>\n\t<meta property=\"og:image:height\" content=\"1313\" \/>\n\t<meta property=\"og:image:type\" content=\"image\/jpeg\" \/>\n<meta name=\"author\" content=\"admin\" \/>\n<meta name=\"twitter:card\" content=\"summary_large_image\" \/>\n<meta name=\"twitter:label1\" content=\"Verfasst von\" \/>\n\t<meta name=\"twitter:data1\" content=\"admin\" \/>\n\t<meta name=\"twitter:label2\" content=\"Gesch\u00e4tzte Lesezeit\" \/>\n\t<meta name=\"twitter:data2\" content=\"3\u00a0Minuten\" \/>\n<script type=\"application\/ld+json\" class=\"yoast-schema-graph\">{\"@context\":\"https:\\\/\\\/schema.org\",\"@graph\":[{\"@type\":\"Article\",\"@id\":\"https:\\\/\\\/www.santanyi.net\\\/de\\\/haus-im-mediterranen-stil-was-zeichnet-es-aus-und-welche-architektonischen-merkmale-sind-entscheidend\\\/#article\",\"isPartOf\":{\"@id\":\"https:\\\/\\\/www.santanyi.net\\\/de\\\/haus-im-mediterranen-stil-was-zeichnet-es-aus-und-welche-architektonischen-merkmale-sind-entscheidend\\\/\"},\"author\":{\"name\":\"admin\",\"@id\":\"https:\\\/\\\/www.santanyi.net\\\/de\\\/#\\\/schema\\\/person\\\/a51483cd81d1d66908f23087083c16fd\"},\"headline\":\"Haus im mediterranen Stil: Was zeichnet es aus und welche architektonischen Merkmale sind entscheidend?\",\"datePublished\":\"2026-02-23T08:50:49+00:00\",\"mainEntityOfPage\":{\"@id\":\"https:\\\/\\\/www.santanyi.net\\\/de\\\/haus-im-mediterranen-stil-was-zeichnet-es-aus-und-welche-architektonischen-merkmale-sind-entscheidend\\\/\"},\"wordCount\":518,\"commentCount\":0,\"publisher\":{\"@id\":\"https:\\\/\\\/www.santanyi.net\\\/de\\\/#organization\"},\"image\":{\"@id\":\"https:\\\/\\\/www.santanyi.net\\\/de\\\/haus-im-mediterranen-stil-was-zeichnet-es-aus-und-welche-architektonischen-merkmale-sind-entscheidend\\\/#primaryimage\"},\"thumbnailUrl\":\"https:\\\/\\\/www.santanyi.net\\\/wp-content\\\/uploads\\\/2026\\\/02\\\/casa-mediterranea1.jpg\",\"articleSection\":[\"Guides and tips\"],\"inLanguage\":\"de\",\"potentialAction\":[{\"@type\":\"CommentAction\",\"name\":\"Comment\",\"target\":[\"https:\\\/\\\/www.santanyi.net\\\/de\\\/haus-im-mediterranen-stil-was-zeichnet-es-aus-und-welche-architektonischen-merkmale-sind-entscheidend\\\/#respond\"]}]},{\"@type\":\"WebPage\",\"@id\":\"https:\\\/\\\/www.santanyi.net\\\/de\\\/haus-im-mediterranen-stil-was-zeichnet-es-aus-und-welche-architektonischen-merkmale-sind-entscheidend\\\/\",\"url\":\"https:\\\/\\\/www.santanyi.net\\\/de\\\/haus-im-mediterranen-stil-was-zeichnet-es-aus-und-welche-architektonischen-merkmale-sind-entscheidend\\\/\",\"name\":\"Haus im mediterranen Stil: Was zeichnet es aus und welche architektonischen Merkmale sind entscheidend? - RE\\\/MAX Drac\",\"isPartOf\":{\"@id\":\"https:\\\/\\\/www.santanyi.net\\\/de\\\/#website\"},\"primaryImageOfPage\":{\"@id\":\"https:\\\/\\\/www.santanyi.net\\\/de\\\/haus-im-mediterranen-stil-was-zeichnet-es-aus-und-welche-architektonischen-merkmale-sind-entscheidend\\\/#primaryimage\"},\"image\":{\"@id\":\"https:\\\/\\\/www.santanyi.net\\\/de\\\/haus-im-mediterranen-stil-was-zeichnet-es-aus-und-welche-architektonischen-merkmale-sind-entscheidend\\\/#primaryimage\"},\"thumbnailUrl\":\"https:\\\/\\\/www.santanyi.net\\\/wp-content\\\/uploads\\\/2026\\\/02\\\/casa-mediterranea1.jpg\",\"datePublished\":\"2026-02-23T08:50:49+00:00\",\"breadcrumb\":{\"@id\":\"https:\\\/\\\/www.santanyi.net\\\/de\\\/haus-im-mediterranen-stil-was-zeichnet-es-aus-und-welche-architektonischen-merkmale-sind-entscheidend\\\/#breadcrumb\"},\"inLanguage\":\"de\",\"potentialAction\":[{\"@type\":\"ReadAction\",\"target\":[\"https:\\\/\\\/www.santanyi.net\\\/de\\\/haus-im-mediterranen-stil-was-zeichnet-es-aus-und-welche-architektonischen-merkmale-sind-entscheidend\\\/\"]}]},{\"@type\":\"ImageObject\",\"inLanguage\":\"de\",\"@id\":\"https:\\\/\\\/www.santanyi.net\\\/de\\\/haus-im-mediterranen-stil-was-zeichnet-es-aus-und-welche-architektonischen-merkmale-sind-entscheidend\\\/#primaryimage\",\"url\":\"https:\\\/\\\/www.santanyi.net\\\/wp-content\\\/uploads\\\/2026\\\/02\\\/casa-mediterranea1.jpg\",\"contentUrl\":\"https:\\\/\\\/www.santanyi.net\\\/wp-content\\\/uploads\\\/2026\\\/02\\\/casa-mediterranea1.jpg\",\"width\":1920,\"height\":1313,\"caption\":\"casa estilo mediterr\u00e1neo Santany\u00ed Mallorca\"},{\"@type\":\"BreadcrumbList\",\"@id\":\"https:\\\/\\\/www.santanyi.net\\\/de\\\/haus-im-mediterranen-stil-was-zeichnet-es-aus-und-welche-architektonischen-merkmale-sind-entscheidend\\\/#breadcrumb\",\"itemListElement\":[{\"@type\":\"ListItem\",\"position\":1,\"name\":\"Home\",\"item\":\"https:\\\/\\\/www.santanyi.net\\\/de\\\/\"},{\"@type\":\"ListItem\",\"position\":2,\"name\":\"Haus im mediterranen Stil: Was zeichnet es aus und welche architektonischen Merkmale sind entscheidend?\"}]},{\"@type\":\"WebSite\",\"@id\":\"https:\\\/\\\/www.santanyi.net\\\/de\\\/#website\",\"url\":\"https:\\\/\\\/www.santanyi.net\\\/de\\\/\",\"name\":\"RE\\\/MAX Drac\",\"description\":\"\",\"publisher\":{\"@id\":\"https:\\\/\\\/www.santanyi.net\\\/de\\\/#organization\"},\"potentialAction\":[{\"@type\":\"SearchAction\",\"target\":{\"@type\":\"EntryPoint\",\"urlTemplate\":\"https:\\\/\\\/www.santanyi.net\\\/de\\\/?s={search_term_string}\"},\"query-input\":{\"@type\":\"PropertyValueSpecification\",\"valueRequired\":true,\"valueName\":\"search_term_string\"}}],\"inLanguage\":\"de\"},{\"@type\":\"Organization\",\"@id\":\"https:\\\/\\\/www.santanyi.net\\\/de\\\/#organization\",\"name\":\"RE\\\/MAX Drac\",\"url\":\"https:\\\/\\\/www.santanyi.net\\\/de\\\/\",\"logo\":{\"@type\":\"ImageObject\",\"inLanguage\":\"de\",\"@id\":\"https:\\\/\\\/www.santanyi.net\\\/de\\\/#\\\/schema\\\/logo\\\/image\\\/\",\"url\":\"https:\\\/\\\/www.santanyi.net\\\/wp-content\\\/uploads\\\/2025\\\/07\\\/logo-nuevo.png\",\"contentUrl\":\"https:\\\/\\\/www.santanyi.net\\\/wp-content\\\/uploads\\\/2025\\\/07\\\/logo-nuevo.png\",\"width\":295,\"height\":165,\"caption\":\"RE\\\/MAX Drac\"},\"image\":{\"@id\":\"https:\\\/\\\/www.santanyi.net\\\/de\\\/#\\\/schema\\\/logo\\\/image\\\/\"}},{\"@type\":\"Person\",\"@id\":\"https:\\\/\\\/www.santanyi.net\\\/de\\\/#\\\/schema\\\/person\\\/a51483cd81d1d66908f23087083c16fd\",\"name\":\"admin\",\"image\":{\"@type\":\"ImageObject\",\"inLanguage\":\"de\",\"@id\":\"https:\\\/\\\/secure.gravatar.com\\\/avatar\\\/ad2dfbabc2755b417411c2f45505708204d4efb1679bbca3ab1b73683db5a2e6?s=96&d=mm&r=g\",\"url\":\"https:\\\/\\\/secure.gravatar.com\\\/avatar\\\/ad2dfbabc2755b417411c2f45505708204d4efb1679bbca3ab1b73683db5a2e6?s=96&d=mm&r=g\",\"contentUrl\":\"https:\\\/\\\/secure.gravatar.com\\\/avatar\\\/ad2dfbabc2755b417411c2f45505708204d4efb1679bbca3ab1b73683db5a2e6?s=96&d=mm&r=g\",\"caption\":\"admin\"},\"sameAs\":[\"https:\\\/\\\/drac.fxdw.dev\"],\"url\":\"https:\\\/\\\/www.santanyi.net\\\/de\\\/author\\\/admindrac\\\/\"}]}<\/script>\n<!-- \/ Yoast SEO plugin. -->","yoast_head_json":{"title":"Haus im mediterranen Stil: Was zeichnet es aus und welche architektonischen Merkmale sind entscheidend? - RE\/MAX Drac","robots":{"index":"index","follow":"follow","max-snippet":"max-snippet:-1","max-image-preview":"max-image-preview:large","max-video-preview":"max-video-preview:-1"},"canonical":"https:\/\/www.santanyi.net\/de\/haus-im-mediterranen-stil-was-zeichnet-es-aus-und-welche-architektonischen-merkmale-sind-entscheidend\/","og_locale":"de_DE","og_type":"article","og_title":"Haus im mediterranen Stil: Was zeichnet es aus und welche architektonischen Merkmale sind entscheidend? - RE\/MAX Drac","og_description":"Das Haus im mediterranen Stil ist einer der repr\u00e4sentativsten Typen Mallorcas. Sein Design ist nicht nur eine Frage der \u00c4sthetik, sondern auch eine intelligente Anpassung an das Klima, die Landschaft und die Lebensweise der Insel. Nat\u00fcrliches Licht, edle Materialien und die Verbindung zum Au\u00dfenbereich sind die Grundlage einer Architektur, die sich \u00fcber Jahrhunderte hinweg bew\u00e4hrt [&hellip;]","og_url":"https:\/\/www.santanyi.net\/de\/haus-im-mediterranen-stil-was-zeichnet-es-aus-und-welche-architektonischen-merkmale-sind-entscheidend\/","og_site_name":"RE\/MAX Drac","article_published_time":"2026-02-23T08:50:49+00:00","og_image":[{"width":1920,"height":1313,"url":"https:\/\/www.santanyi.net\/wp-content\/uploads\/2026\/02\/casa-mediterranea1.jpg","type":"image\/jpeg"}],"author":"admin","twitter_card":"summary_large_image","twitter_misc":{"Verfasst von":"admin","Gesch\u00e4tzte Lesezeit":"3\u00a0Minuten"},"schema":{"@context":"https:\/\/schema.org","@graph":[{"@type":"Article","@id":"https:\/\/www.santanyi.net\/de\/haus-im-mediterranen-stil-was-zeichnet-es-aus-und-welche-architektonischen-merkmale-sind-entscheidend\/#article","isPartOf":{"@id":"https:\/\/www.santanyi.net\/de\/haus-im-mediterranen-stil-was-zeichnet-es-aus-und-welche-architektonischen-merkmale-sind-entscheidend\/"},"author":{"name":"admin","@id":"https:\/\/www.santanyi.net\/de\/#\/schema\/person\/a51483cd81d1d66908f23087083c16fd"},"headline":"Haus im mediterranen Stil: Was zeichnet es aus und welche architektonischen Merkmale sind entscheidend?","datePublished":"2026-02-23T08:50:49+00:00","mainEntityOfPage":{"@id":"https:\/\/www.santanyi.net\/de\/haus-im-mediterranen-stil-was-zeichnet-es-aus-und-welche-architektonischen-merkmale-sind-entscheidend\/"},"wordCount":518,"commentCount":0,"publisher":{"@id":"https:\/\/www.santanyi.net\/de\/#organization"},"image":{"@id":"https:\/\/www.santanyi.net\/de\/haus-im-mediterranen-stil-was-zeichnet-es-aus-und-welche-architektonischen-merkmale-sind-entscheidend\/#primaryimage"},"thumbnailUrl":"https:\/\/www.santanyi.net\/wp-content\/uploads\/2026\/02\/casa-mediterranea1.jpg","articleSection":["Guides and tips"],"inLanguage":"de","potentialAction":[{"@type":"CommentAction","name":"Comment","target":["https:\/\/www.santanyi.net\/de\/haus-im-mediterranen-stil-was-zeichnet-es-aus-und-welche-architektonischen-merkmale-sind-entscheidend\/#respond"]}]},{"@type":"WebPage","@id":"https:\/\/www.santanyi.net\/de\/haus-im-mediterranen-stil-was-zeichnet-es-aus-und-welche-architektonischen-merkmale-sind-entscheidend\/","url":"https:\/\/www.santanyi.net\/de\/haus-im-mediterranen-stil-was-zeichnet-es-aus-und-welche-architektonischen-merkmale-sind-entscheidend\/","name":"Haus im mediterranen Stil: Was zeichnet es aus und welche architektonischen Merkmale sind entscheidend? - RE\/MAX Drac","isPartOf":{"@id":"https:\/\/www.santanyi.net\/de\/#website"},"primaryImageOfPage":{"@id":"https:\/\/www.santanyi.net\/de\/haus-im-mediterranen-stil-was-zeichnet-es-aus-und-welche-architektonischen-merkmale-sind-entscheidend\/#primaryimage"},"image":{"@id":"https:\/\/www.santanyi.net\/de\/haus-im-mediterranen-stil-was-zeichnet-es-aus-und-welche-architektonischen-merkmale-sind-entscheidend\/#primaryimage"},"thumbnailUrl":"https:\/\/www.santanyi.net\/wp-content\/uploads\/2026\/02\/casa-mediterranea1.jpg","datePublished":"2026-02-23T08:50:49+00:00","breadcrumb":{"@id":"https:\/\/www.santanyi.net\/de\/haus-im-mediterranen-stil-was-zeichnet-es-aus-und-welche-architektonischen-merkmale-sind-entscheidend\/#breadcrumb"},"inLanguage":"de","potentialAction":[{"@type":"ReadAction","target":["https:\/\/www.santanyi.net\/de\/haus-im-mediterranen-stil-was-zeichnet-es-aus-und-welche-architektonischen-merkmale-sind-entscheidend\/"]}]},{"@type":"ImageObject","inLanguage":"de","@id":"https:\/\/www.santanyi.net\/de\/haus-im-mediterranen-stil-was-zeichnet-es-aus-und-welche-architektonischen-merkmale-sind-entscheidend\/#primaryimage","url":"https:\/\/www.santanyi.net\/wp-content\/uploads\/2026\/02\/casa-mediterranea1.jpg","contentUrl":"https:\/\/www.santanyi.net\/wp-content\/uploads\/2026\/02\/casa-mediterranea1.jpg","width":1920,"height":1313,"caption":"casa estilo mediterr\u00e1neo Santany\u00ed Mallorca"},{"@type":"BreadcrumbList","@id":"https:\/\/www.santanyi.net\/de\/haus-im-mediterranen-stil-was-zeichnet-es-aus-und-welche-architektonischen-merkmale-sind-entscheidend\/#breadcrumb","itemListElement":[{"@type":"ListItem","position":1,"name":"Home","item":"https:\/\/www.santanyi.net\/de\/"},{"@type":"ListItem","position":2,"name":"Haus im mediterranen Stil: Was zeichnet es aus und welche architektonischen Merkmale sind entscheidend?"}]},{"@type":"WebSite","@id":"https:\/\/www.santanyi.net\/de\/#website","url":"https:\/\/www.santanyi.net\/de\/","name":"RE\/MAX Drac","description":"","publisher":{"@id":"https:\/\/www.santanyi.net\/de\/#organization"},"potentialAction":[{"@type":"SearchAction","target":{"@type":"EntryPoint","urlTemplate":"https:\/\/www.santanyi.net\/de\/?s={search_term_string}"},"query-input":{"@type":"PropertyValueSpecification","valueRequired":true,"valueName":"search_term_string"}}],"inLanguage":"de"},{"@type":"Organization","@id":"https:\/\/www.santanyi.net\/de\/#organization","name":"RE\/MAX Drac","url":"https:\/\/www.santanyi.net\/de\/","logo":{"@type":"ImageObject","inLanguage":"de","@id":"https:\/\/www.santanyi.net\/de\/#\/schema\/logo\/image\/","url":"https:\/\/www.santanyi.net\/wp-content\/uploads\/2025\/07\/logo-nuevo.png","contentUrl":"https:\/\/www.santanyi.net\/wp-content\/uploads\/2025\/07\/logo-nuevo.png","width":295,"height":165,"caption":"RE\/MAX Drac"},"image":{"@id":"https:\/\/www.santanyi.net\/de\/#\/schema\/logo\/image\/"}},{"@type":"Person","@id":"https:\/\/www.santanyi.net\/de\/#\/schema\/person\/a51483cd81d1d66908f23087083c16fd","name":"admin","image":{"@type":"ImageObject","inLanguage":"de","@id":"https:\/\/secure.gravatar.com\/avatar\/ad2dfbabc2755b417411c2f45505708204d4efb1679bbca3ab1b73683db5a2e6?s=96&d=mm&r=g","url":"https:\/\/secure.gravatar.com\/avatar\/ad2dfbabc2755b417411c2f45505708204d4efb1679bbca3ab1b73683db5a2e6?s=96&d=mm&r=g","contentUrl":"https:\/\/secure.gravatar.com\/avatar\/ad2dfbabc2755b417411c2f45505708204d4efb1679bbca3ab1b73683db5a2e6?s=96&d=mm&r=g","caption":"admin"},"sameAs":["https:\/\/drac.fxdw.dev"],"url":"https:\/\/www.santanyi.net\/de\/author\/admindrac\/"}]}},"_links":{"self":[{"href":"https:\/\/www.santanyi.net\/de\/wp-json\/wp\/v2\/posts\/138867","targetHints":{"allow":["GET"]}}],"collection":[{"href":"https:\/\/www.santanyi.net\/de\/wp-json\/wp\/v2\/posts"}],"about":[{"href":"https:\/\/www.santanyi.net\/de\/wp-json\/wp\/v2\/types\/post"}],"author":[{"embeddable":true,"href":"https:\/\/www.santanyi.net\/de\/wp-json\/wp\/v2\/users\/1"}],"replies":[{"embeddable":true,"href":"https:\/\/www.santanyi.net\/de\/wp-json\/wp\/v2\/comments?post=138867"}],"version-history":[{"count":0,"href":"https:\/\/www.santanyi.net\/de\/wp-json\/wp\/v2\/posts\/138867\/revisions"}],"wp:featuredmedia":[{"embeddable":true,"href":"https:\/\/www.santanyi.net\/de\/wp-json\/wp\/v2\/media\/138864"}],"wp:attachment":[{"href":"https:\/\/www.santanyi.net\/de\/wp-json\/wp\/v2\/media?parent=138867"}],"wp:term":[{"taxonomy":"category","embeddable":true,"href":"https:\/\/www.santanyi.net\/de\/wp-json\/wp\/v2\/categories?post=138867"},{"taxonomy":"post_tag","embeddable":true,"href":"https:\/\/www.santanyi.net\/de\/wp-json\/wp\/v2\/tags?post=138867"}],"curies":[{"name":"wp","href":"https:\/\/api.w.org\/{rel}","templated":true}]}}