
{"id":169938,"date":"2026-03-27T11:36:56","date_gmt":"2026-03-27T11:36:56","guid":{"rendered":"https:\/\/www.santanyi.net\/?p=169938"},"modified":"2026-03-27T11:36:56","modified_gmt":"2026-03-27T11:36:56","slug":"preu-casa-santanyi-2026-quant-costa-comprar-una-propietat-al-sud-est-de-mallorca","status":"publish","type":"post","link":"https:\/\/www.santanyi.net\/ca\/preu-casa-santanyi-2026-quant-costa-comprar-una-propietat-al-sud-est-de-mallorca\/","title":{"rendered":"Preu casa Santany\u00ed 2026: quant costa comprar una propietat al sud-est de Mallorca"},"content":{"rendered":"<p class=\"font-claude-response-body break-words whitespace-normal leading-[1.7]\">Si est\u00e0s buscant el preu casa Santany\u00ed 2026, \u00e9s perqu\u00e8 ja saps el que molts compradors europeus han descobert els darrers anys: aquesta zona del sud-est de Mallorca no \u00e9s nom\u00e9s un lloc bonic. \u00c9s un dels mercats immobiliaris m\u00e9s s\u00f2lids i desitjats de tota l\u00b4illa. I els preus ho reflecteixen.  <\/p>\n<p class=\"font-claude-response-body break-words whitespace-normal leading-[1.7]\">En aquest municipi hi conviuen aig\u00fces cristal\u00b7lines, pobles amb segles d&#8217;hist\u00f2ria i una oferta residencial que va des de l&#8217;apartament reformat en ple nucli hist\u00f2ric fins a la vila de luxe amb vista al Mediterrani. Si valoreu comprar una propietat aqu\u00ed, el que llegireu a continuaci\u00f3 us donar\u00e0 una imatge honesta i actualitzada del mercat. <\/p>\n<h2 class=\"text-text-100 mt-3 -mb-1 text-[1.125rem] font-bold\">El mercat immobiliari de Santany\u00ed el 2026: qu\u00e8 est\u00e0 passant?<\/h2>\n<p class=\"font-claude-response-body break-words whitespace-normal leading-[1.7]\">El mercat immobiliari Santany\u00ed continua mostrant una resist\u00e8ncia notable davant de la incertesa que afecta altres economies europees. La demanda internacional \u2013especialment de compradors alemanys, austr\u00edacs, su\u00efssos i escandinaus\u2013 no ha baixat. Al contrari: la limitaci\u00f3 de nova construcci\u00f3 en zones protegides ha redu\u00eft l&#8217;oferta disponible, cosa que mant\u00e9 els preus a l&#8217;al\u00e7a de manera estructural.  <\/p>\n<p class=\"font-claude-response-body break-words whitespace-normal leading-[1.7]\">El 2025 ja es va consolidar una tend\u00e8ncia clara: els compradors busquen autenticitat, privadesa i qualitat de vida. Santany\u00ed ofereix totes tres coses. El municipi engloba alguns dels nuclis m\u00e9s cotitzats de Mallorca: Santany\u00ed poble, Cala d&#8217;Or, Cala Figuera, Cala Llombards, ses Salines, Es Llombards i Calonge, entre d&#8217;altres.  <\/p>\n<p class=\"font-claude-response-body break-words whitespace-normal leading-[1.7]\">L&#8217;escassetat de s\u00f2l edificable i les restriccions mediambientals a zones com el Parc Natural de Mondrag\u00f3 garanteixen que l&#8217;estoc no creixer\u00e0 de manera significativa. Aix\u00f2 \u00e9s una bona not\u00edcia per a qui compra: protegeix el valor de la inversi\u00f3 a llarg termini. <\/p>\n<h2 class=\"text-text-100 mt-3 -mb-1 text-[1.125rem] font-bold\">Quant costa una propietat a Santany\u00ed segons el tipus?<\/h2>\n<p class=\"font-claude-response-body break-words whitespace-normal leading-[1.7]\">Els rangs de preus varien considerablement segons la tipologia, ubicaci\u00f3 exacta i estat de la propietat. A continuaci\u00f3 us oferim una refer\u00e8ncia orientativa basada en el mercat real del 2026. <\/p>\n<h3 class=\"text-text-100 mt-2 -mb-1 text-base font-bold\">Apartaments i pisos<\/h3>\n<p class=\"font-claude-response-body break-words whitespace-normal leading-[1.7]\">Els apartaments a Santany\u00ed poble o en nuclis com Calonge ronden els 180.000\u20ac a 350.000\u20ac per unitats de dos o tres dormitoris a segona planta sense vistes al mar. Els apartaments a primera l\u00ednia o amb acc\u00e9s directe a cala poden superar f\u00e0cilment els 500.000\u20ac. <\/p>\n<h3 class=\"text-text-100 mt-2 -mb-1 text-base font-bold\">Cases de poble (cases de possessi\u00f3 i townhouses)<\/h3>\n<p class=\"font-claude-response-body break-words whitespace-normal leading-[1.7]\">Les cases de poble reformades al nucli antic de Santany\u00ed tenen un gran atractiu entre compradors que busquen autenticitat i vida local. El rang habitual va de 400.000\u20ac a 900.000\u20ac, depenent de la grand\u00e0ria, l&#8217;estat de la reforma i la pres\u00e8ncia de terrassa o pati. <\/p>\n<h3 class=\"text-text-100 mt-2 -mb-1 text-base font-bold\">Xalets i cases unifamiliars<\/h3>\n<p class=\"font-claude-response-body break-words whitespace-normal leading-[1.7]\">Les propietats unifamiliars amb jard\u00ed i piscina a urbanitzacions tranquil\u00b7les del municipi es mouen entre 600.000 \u20ac i 1.500.000 \u20ac. A mesura que s&#8217;acosten a la costa o tenen vistes privilegiades, el preu puja de manera considerable. <\/p>\n<h3 class=\"text-text-100 mt-2 -mb-1 text-base font-bold\">Viles de luxe<\/h3>\n<p class=\"font-claude-response-body break-words whitespace-normal leading-[1.7]\">Les viles de luxe a Santany\u00ed \u2013amb disseny arquitect\u00f2nic cuidat, acabats premium, piscina infinity i vistes al mar\u2013 oscil\u00b7len entre 1.500.000 \u20ac i m\u00e9s de 5.000.000 \u20ac. S\u00f3n el segment m\u00e9s demanat per compradors internacionals d&#8217;alt perfil. <\/p>\n<h3 class=\"text-text-100 mt-2 -mb-1 text-base font-bold\">Finques r\u00fastiques<\/h3>\n<p class=\"font-claude-response-body break-words whitespace-normal leading-[1.7]\">Les finques a l&#8217;entorn rural del municipi, amb terrenys amplis i l&#8217;arquitectura tradicional mallorquina, tenen un rang molt ampli: des de 800.000 \u20ac per a propietats de mida mitjana a reformar, fins a m\u00e9s de 3.000.000 \u20ac per a finques de luxe completament rehabilitades amb totes les comoditats.<\/p>\n<h2 class=\"text-text-100 mt-3 -mb-1 text-[1.125rem] font-bold\">\u00bfQuins factors determinen el preu d&#8217;una casa a Santany\u00ed?<\/h2>\n<p class=\"font-claude-response-body break-words whitespace-normal leading-[1.7]\">Comprar casa a Santany\u00ed implica entendre que el preu no dep\u00e8n nom\u00e9s dels metres quadrats. Aquests s\u00f3n els factors que tenen m\u00e9s impacte: <\/p>\n<p class=\"font-claude-response-body break-words whitespace-normal leading-[1.7]\"><strong>Ubicaci\u00f3 dins del municipi.<\/strong> No \u00e9s el mateix estar al nucli hist\u00f2ric de Santany\u00ed que en una urbanitzaci\u00f3 de Cala d&#8217;Or. Les zones amb m\u00e9s demanda \u2013Cala Figuera, Cala Llombards i les zones elevades amb panor\u00e0mica marina\u2013 tenen una prima de preu significativa. <\/p>\n<p class=\"font-claude-response-body break-words whitespace-normal leading-[1.7]\"><strong>Vistes al mar.<\/strong> Qualsevol propietat amb vistes directes o parcials a la Mediterr\u00e0nia pot incrementar-ne el valor entre un 20% i un 40% respecte a una propietat equivalent sense vistes.<\/p>\n<p class=\"font-claude-response-body break-words whitespace-normal leading-[1.7]\"><strong>Obra nova davant de segona m\u00e0.<\/strong> L\u00b4obra nova \u00e9s escassa i molt cotitzada. Les propietats de segona m\u00e0 reformades amb criteri poden ser una excel\u00b7lent oportunitat si es comparen amb els preus d&#8217;obra nova, que en alguns segments superen els 5.000 \u20ac\/m\u00b2. <\/p>\n<p class=\"font-claude-response-body break-words whitespace-normal leading-[1.7]\"><strong>Estat de la propietat.<\/strong> Una finca sense reformar o una casa de poble que necessita actualitzacions pot semblar una ganga, per\u00f2 cal calcular b\u00e9 el cost de la rehabilitaci\u00f3 que a Mallorca no \u00e9s barat. Una propietat llesta per entrar pot sortir m\u00e9s a compte a llarg termini. <\/p>\n<p class=\"font-claude-response-body break-words whitespace-normal leading-[1.7]\"><strong>Acc\u00e9s a platges i cales.<\/strong> La proximitat a cales protegides com ara Cala Mondrago, Cala Santany\u00ed o Cala Llombards afegeix valor de forma directa i sostinguda.<\/p>\n<h2 class=\"text-text-100 mt-3 -mb-1 text-[1.125rem] font-bold\">Santany\u00ed davant d&#8217;altres zones de Mallorca: per qu\u00e8 aqu\u00ed?<\/h2>\n<p class=\"font-claude-response-body break-words whitespace-normal leading-[1.7]\">El mercat immobiliari Santany\u00ed t\u00e9 caracter\u00edstiques pr\u00f2pies que el diferencien de zones m\u00e9s massificades com ara Palma, Calvi\u00e0 o el nord de l&#8217;illa.<\/p>\n<p class=\"font-claude-response-body break-words whitespace-normal leading-[1.7]\">Port Pollen\u00e7a o Andratx ofereixen tamb\u00e9 propietats de luxe, per\u00f2 amb m\u00e9s densitat tur\u00edstica i preus que en alguns segments ja han tocat sostre. Santany\u00ed, en canvi, mant\u00e9 un ritme de vida m\u00e9s tranquil, una arquitectura m\u00e9s aut\u00e8ntica i un entorn natural m\u00e9s protegit. <\/p>\n<p class=\"font-claude-response-body break-words whitespace-normal leading-[1.7]\">Palma \u00e9s perfecta per a qui vol vida urbana, per\u00f2 no ofereix la privadesa ni el paisatge natural que busca un comprador d&#8217;alt standing que vol desconnectar.<\/p>\n<p class=\"font-claude-response-body break-words whitespace-normal leading-[1.7]\">El sud-est de Mallorca \u2013i Santany\u00ed en particular\u2013 \u00e9s l&#8217;opci\u00f3 preferida dels qui volen el millor dels dos mons: natura, poble, gastronomia de qualitat i aeroport a menys de 40 minuts. Aix\u00f2 explica perqu\u00e8 el preu casa Santany\u00ed 2026 segueix en tend\u00e8ncia positiva mentre altres zones s&#8217;estabilitzen. <\/p>\n<h2 class=\"text-text-100 mt-3 -mb-1 text-[1.125rem] font-bold\">Consells pr\u00e0ctics abans de comprar una propietat a Santany\u00ed<\/h2>\n<p class=\"font-claude-response-body break-words whitespace-normal leading-[1.7]\">Comprar una propietat a Mallorca com a estranger implica certs passos que conv\u00e9 con\u00e8ixer per endavant:<\/p>\n<p class=\"font-claude-response-body break-words whitespace-normal leading-[1.7]\"><strong>Treballa amb una immobili\u00e0ria local de confian\u00e7a.<\/strong> El coneixement del territori ho canvia tot. Un agent amb experi\u00e8ncia real a Santany\u00ed et pot orientar sobre quines zones pujaran de valor, quines propietats tenen problemes urban\u00edstics ocults i com negociar amb criteri. <\/p>\n<p class=\"font-claude-response-body break-words whitespace-normal leading-[1.7]\"><strong>Pressuposta m\u00e9s enll\u00e0 del preu de venda.<\/strong> Els impostos i despeses de compravenda a Mallorca representen aproximadament un 10-12% sobre el preu de compra (ITP o IVA segons el cas, notaria, registre, gestoria).<\/p>\n<p class=\"font-claude-response-body break-words whitespace-normal leading-[1.7]\"><strong>Pren-te el temps necessari.<\/strong> Les millors propietats a Santany\u00ed no romanen molt de temps al mercat. Per\u00f2 tampoc no conv\u00e9 precipitar-se. Visitar la zona en diferents \u00e8poques de l&#8217;any \u2014no nom\u00e9s a l&#8217;estiu\u2014 us donar\u00e0 una perspectiva molt m\u00e9s real.  <\/p>\n<h2 class=\"text-text-100 mt-3 -mb-1 text-[1.125rem] font-bold\">Propietats a Santany\u00ed: troba la teva amb RE\/MAX Drac<\/h2>\n<p class=\"font-claude-response-body break-words whitespace-normal leading-[1.7]\">Les propietats a Santany\u00ed m\u00e9s exclusives del mercat no sempre apareixen als portals generalistes. Moltes transaccions es fan de manera discreta, a trav\u00e9s de xarxes de confian\u00e7a i ag\u00e8ncies amb pres\u00e8ncia local consolidada. <\/p>\n<p class=\"font-claude-response-body break-words whitespace-normal leading-[1.7]\">RE\/MAX Collection Drac fa m\u00e9s de 35 anys que treballa al sud-est de Mallorca. Coneixen cada cala, cada carrer del poble i cada finca de la comarca. Si el preu casa Santany\u00ed 2026 \u00e9s una pregunta que t&#8217;est\u00e0s fent de deb\u00f2, el seg\u00fcent pas \u00e9s parlar amb alg\u00fa que conegui el mercat de deb\u00f2.  <\/p>\n<hr class=\"border-border-200 border-t-0.5 my-3 mx-1.5\">\n<blockquote class=\"ml-2 border-l-4 border-border-300\/10 pl-4 text-text-300\">\n<h3 class=\"text-text-100 mt-2 -mb-1 text-base font-bold\">Est\u00e0s pensant en comprar una propietat a Santany\u00ed?<\/h3>\n<p class=\"font-claude-response-body break-words whitespace-normal leading-[1.7]\">A RE\/MAX Drac us assessorem sense comprom\u00eds. Fa m\u00e9s de 35 anys que \u00e9s la immobili\u00e0ria de refer\u00e8ncia al sud-est de Mallorca. <\/p>\n<p class=\"font-claude-response-body break-words whitespace-normal leading-[1.7]\"><strong><a class=\"underline underline underline-offset-2 decoration-1 decoration-current\/40 hover:decoration-current focus:decoration-current\" href=\"#\">Veure propietats a Santany\u00ed \u2192<\/a><\/strong><\/p>\n<\/blockquote>\n","protected":false},"excerpt":{"rendered":"<p>Si est\u00e0s buscant el preu casa Santany\u00ed 2026, \u00e9s perqu\u00e8 ja saps el que molts compradors europeus han descobert els darrers anys: aquesta zona del sud-est de Mallorca no \u00e9s nom\u00e9s un lloc bonic. \u00c9s un dels mercats immobiliaris m\u00e9s s\u00f2lids i desitjats de tota l\u00b4illa. I els preus ho reflecteixen. En aquest municipi hi [&hellip;]<\/p>\n","protected":false},"author":1,"featured_media":169927,"comment_status":"open","ping_status":"open","sticky":false,"template":"","format":"standard","meta":{"_acf_changed":false,"_joinchat":[],"footnotes":""},"categories":[371],"tags":[],"class_list":["post-169938","post","type-post","status-publish","format-standard","has-post-thumbnail","hentry","category-noticies"],"acf":[],"yoast_head":"<!-- This site is optimized with the Yoast SEO plugin v27.5 - https:\/\/yoast.com\/product\/yoast-seo-wordpress\/ -->\n<title>Preu casa Santany\u00ed 2026: quant costa comprar una propietat al sud-est de Mallorca - RE\/MAX Drac<\/title>\n<meta name=\"robots\" content=\"index, follow, max-snippet:-1, max-image-preview:large, max-video-preview:-1\" \/>\n<link rel=\"canonical\" href=\"https:\/\/www.santanyi.net\/ca\/preu-casa-santanyi-2026-quant-costa-comprar-una-propietat-al-sud-est-de-mallorca\/\" \/>\n<meta property=\"og:locale\" content=\"ca_ES\" \/>\n<meta property=\"og:type\" content=\"article\" \/>\n<meta property=\"og:title\" content=\"Preu casa Santany\u00ed 2026: quant costa comprar una propietat al sud-est de Mallorca - RE\/MAX Drac\" \/>\n<meta property=\"og:description\" content=\"Si est\u00e0s buscant el preu casa Santany\u00ed 2026, \u00e9s perqu\u00e8 ja saps el que molts compradors europeus han descobert els darrers anys: aquesta zona del sud-est de Mallorca no \u00e9s nom\u00e9s un lloc bonic. \u00c9s un dels mercats immobiliaris m\u00e9s s\u00f2lids i desitjats de tota l\u00b4illa. I els preus ho reflecteixen. En aquest municipi hi [&hellip;]\" \/>\n<meta property=\"og:url\" content=\"https:\/\/www.santanyi.net\/ca\/preu-casa-santanyi-2026-quant-costa-comprar-una-propietat-al-sud-est-de-mallorca\/\" \/>\n<meta property=\"og:site_name\" content=\"RE\/MAX Drac\" \/>\n<meta property=\"article:published_time\" content=\"2026-03-27T11:36:56+00:00\" \/>\n<meta property=\"og:image\" content=\"https:\/\/www.santanyi.net\/wp-content\/uploads\/2026\/03\/depositphotos_67435889-stock-photo-majorca-cala-llombards-santanyi-beach.webp\" \/>\n\t<meta property=\"og:image:width\" content=\"600\" \/>\n\t<meta property=\"og:image:height\" content=\"400\" \/>\n\t<meta property=\"og:image:type\" content=\"image\/webp\" \/>\n<meta name=\"author\" content=\"admin\" \/>\n<meta name=\"twitter:card\" content=\"summary_large_image\" \/>\n<meta name=\"twitter:label1\" content=\"Escrit per\" \/>\n\t<meta name=\"twitter:data1\" content=\"admin\" \/>\n\t<meta name=\"twitter:label2\" content=\"Temps estimat de lectura\" \/>\n\t<meta name=\"twitter:data2\" content=\"6 minuts\" \/>\n<script type=\"application\/ld+json\" class=\"yoast-schema-graph\">{\"@context\":\"https:\\\/\\\/schema.org\",\"@graph\":[{\"@type\":\"Article\",\"@id\":\"https:\\\/\\\/www.santanyi.net\\\/ca\\\/preu-casa-santanyi-2026-quant-costa-comprar-una-propietat-al-sud-est-de-mallorca\\\/#article\",\"isPartOf\":{\"@id\":\"https:\\\/\\\/www.santanyi.net\\\/ca\\\/preu-casa-santanyi-2026-quant-costa-comprar-una-propietat-al-sud-est-de-mallorca\\\/\"},\"author\":{\"name\":\"admin\",\"@id\":\"https:\\\/\\\/www.santanyi.net\\\/ca\\\/#\\\/schema\\\/person\\\/a51483cd81d1d66908f23087083c16fd\"},\"headline\":\"Preu casa Santany\u00ed 2026: quant costa comprar una propietat al sud-est de Mallorca\",\"datePublished\":\"2026-03-27T11:36:56+00:00\",\"mainEntityOfPage\":{\"@id\":\"https:\\\/\\\/www.santanyi.net\\\/ca\\\/preu-casa-santanyi-2026-quant-costa-comprar-una-propietat-al-sud-est-de-mallorca\\\/\"},\"wordCount\":1261,\"commentCount\":0,\"publisher\":{\"@id\":\"https:\\\/\\\/www.santanyi.net\\\/ca\\\/#organization\"},\"image\":{\"@id\":\"https:\\\/\\\/www.santanyi.net\\\/ca\\\/preu-casa-santanyi-2026-quant-costa-comprar-una-propietat-al-sud-est-de-mallorca\\\/#primaryimage\"},\"thumbnailUrl\":\"https:\\\/\\\/www.santanyi.net\\\/wp-content\\\/uploads\\\/2026\\\/03\\\/depositphotos_67435889-stock-photo-majorca-cala-llombards-santanyi-beach.webp\",\"articleSection\":[\"Not\u00edcies\"],\"inLanguage\":\"ca\",\"potentialAction\":[{\"@type\":\"CommentAction\",\"name\":\"Comment\",\"target\":[\"https:\\\/\\\/www.santanyi.net\\\/ca\\\/preu-casa-santanyi-2026-quant-costa-comprar-una-propietat-al-sud-est-de-mallorca\\\/#respond\"]}]},{\"@type\":\"WebPage\",\"@id\":\"https:\\\/\\\/www.santanyi.net\\\/ca\\\/preu-casa-santanyi-2026-quant-costa-comprar-una-propietat-al-sud-est-de-mallorca\\\/\",\"url\":\"https:\\\/\\\/www.santanyi.net\\\/ca\\\/preu-casa-santanyi-2026-quant-costa-comprar-una-propietat-al-sud-est-de-mallorca\\\/\",\"name\":\"Preu casa Santany\u00ed 2026: quant costa comprar una propietat al sud-est de Mallorca - RE\\\/MAX Drac\",\"isPartOf\":{\"@id\":\"https:\\\/\\\/www.santanyi.net\\\/ca\\\/#website\"},\"primaryImageOfPage\":{\"@id\":\"https:\\\/\\\/www.santanyi.net\\\/ca\\\/preu-casa-santanyi-2026-quant-costa-comprar-una-propietat-al-sud-est-de-mallorca\\\/#primaryimage\"},\"image\":{\"@id\":\"https:\\\/\\\/www.santanyi.net\\\/ca\\\/preu-casa-santanyi-2026-quant-costa-comprar-una-propietat-al-sud-est-de-mallorca\\\/#primaryimage\"},\"thumbnailUrl\":\"https:\\\/\\\/www.santanyi.net\\\/wp-content\\\/uploads\\\/2026\\\/03\\\/depositphotos_67435889-stock-photo-majorca-cala-llombards-santanyi-beach.webp\",\"datePublished\":\"2026-03-27T11:36:56+00:00\",\"breadcrumb\":{\"@id\":\"https:\\\/\\\/www.santanyi.net\\\/ca\\\/preu-casa-santanyi-2026-quant-costa-comprar-una-propietat-al-sud-est-de-mallorca\\\/#breadcrumb\"},\"inLanguage\":\"ca\",\"potentialAction\":[{\"@type\":\"ReadAction\",\"target\":[\"https:\\\/\\\/www.santanyi.net\\\/ca\\\/preu-casa-santanyi-2026-quant-costa-comprar-una-propietat-al-sud-est-de-mallorca\\\/\"]}]},{\"@type\":\"ImageObject\",\"inLanguage\":\"ca\",\"@id\":\"https:\\\/\\\/www.santanyi.net\\\/ca\\\/preu-casa-santanyi-2026-quant-costa-comprar-una-propietat-al-sud-est-de-mallorca\\\/#primaryimage\",\"url\":\"https:\\\/\\\/www.santanyi.net\\\/wp-content\\\/uploads\\\/2026\\\/03\\\/depositphotos_67435889-stock-photo-majorca-cala-llombards-santanyi-beach.webp\",\"contentUrl\":\"https:\\\/\\\/www.santanyi.net\\\/wp-content\\\/uploads\\\/2026\\\/03\\\/depositphotos_67435889-stock-photo-majorca-cala-llombards-santanyi-beach.webp\",\"width\":600,\"height\":400},{\"@type\":\"BreadcrumbList\",\"@id\":\"https:\\\/\\\/www.santanyi.net\\\/ca\\\/preu-casa-santanyi-2026-quant-costa-comprar-una-propietat-al-sud-est-de-mallorca\\\/#breadcrumb\",\"itemListElement\":[{\"@type\":\"ListItem\",\"position\":1,\"name\":\"Home\",\"item\":\"https:\\\/\\\/www.santanyi.net\\\/ca\\\/\"},{\"@type\":\"ListItem\",\"position\":2,\"name\":\"Preu casa Santany\u00ed 2026: quant costa comprar una propietat al sud-est de Mallorca\"}]},{\"@type\":\"WebSite\",\"@id\":\"https:\\\/\\\/www.santanyi.net\\\/ca\\\/#website\",\"url\":\"https:\\\/\\\/www.santanyi.net\\\/ca\\\/\",\"name\":\"RE\\\/MAX Drac\",\"description\":\"\",\"publisher\":{\"@id\":\"https:\\\/\\\/www.santanyi.net\\\/ca\\\/#organization\"},\"potentialAction\":[{\"@type\":\"SearchAction\",\"target\":{\"@type\":\"EntryPoint\",\"urlTemplate\":\"https:\\\/\\\/www.santanyi.net\\\/ca\\\/?s={search_term_string}\"},\"query-input\":{\"@type\":\"PropertyValueSpecification\",\"valueRequired\":true,\"valueName\":\"search_term_string\"}}],\"inLanguage\":\"ca\"},{\"@type\":\"Organization\",\"@id\":\"https:\\\/\\\/www.santanyi.net\\\/ca\\\/#organization\",\"name\":\"RE\\\/MAX Drac\",\"url\":\"https:\\\/\\\/www.santanyi.net\\\/ca\\\/\",\"logo\":{\"@type\":\"ImageObject\",\"inLanguage\":\"ca\",\"@id\":\"https:\\\/\\\/www.santanyi.net\\\/ca\\\/#\\\/schema\\\/logo\\\/image\\\/\",\"url\":\"https:\\\/\\\/www.santanyi.net\\\/wp-content\\\/uploads\\\/2025\\\/07\\\/logo-nuevo.png\",\"contentUrl\":\"https:\\\/\\\/www.santanyi.net\\\/wp-content\\\/uploads\\\/2025\\\/07\\\/logo-nuevo.png\",\"width\":295,\"height\":165,\"caption\":\"RE\\\/MAX Drac\"},\"image\":{\"@id\":\"https:\\\/\\\/www.santanyi.net\\\/ca\\\/#\\\/schema\\\/logo\\\/image\\\/\"}},{\"@type\":\"Person\",\"@id\":\"https:\\\/\\\/www.santanyi.net\\\/ca\\\/#\\\/schema\\\/person\\\/a51483cd81d1d66908f23087083c16fd\",\"name\":\"admin\",\"image\":{\"@type\":\"ImageObject\",\"inLanguage\":\"ca\",\"@id\":\"https:\\\/\\\/secure.gravatar.com\\\/avatar\\\/ad2dfbabc2755b417411c2f45505708204d4efb1679bbca3ab1b73683db5a2e6?s=96&d=mm&r=g\",\"url\":\"https:\\\/\\\/secure.gravatar.com\\\/avatar\\\/ad2dfbabc2755b417411c2f45505708204d4efb1679bbca3ab1b73683db5a2e6?s=96&d=mm&r=g\",\"contentUrl\":\"https:\\\/\\\/secure.gravatar.com\\\/avatar\\\/ad2dfbabc2755b417411c2f45505708204d4efb1679bbca3ab1b73683db5a2e6?s=96&d=mm&r=g\",\"caption\":\"admin\"},\"sameAs\":[\"https:\\\/\\\/drac.fxdw.dev\"],\"url\":\"https:\\\/\\\/www.santanyi.net\\\/ca\\\/author\\\/admindrac\\\/\"}]}<\/script>\n<!-- \/ Yoast SEO plugin. -->","yoast_head_json":{"title":"Preu casa Santany\u00ed 2026: quant costa comprar una propietat al sud-est de Mallorca - RE\/MAX Drac","robots":{"index":"index","follow":"follow","max-snippet":"max-snippet:-1","max-image-preview":"max-image-preview:large","max-video-preview":"max-video-preview:-1"},"canonical":"https:\/\/www.santanyi.net\/ca\/preu-casa-santanyi-2026-quant-costa-comprar-una-propietat-al-sud-est-de-mallorca\/","og_locale":"ca_ES","og_type":"article","og_title":"Preu casa Santany\u00ed 2026: quant costa comprar una propietat al sud-est de Mallorca - RE\/MAX Drac","og_description":"Si est\u00e0s buscant el preu casa Santany\u00ed 2026, \u00e9s perqu\u00e8 ja saps el que molts compradors europeus han descobert els darrers anys: aquesta zona del sud-est de Mallorca no \u00e9s nom\u00e9s un lloc bonic. \u00c9s un dels mercats immobiliaris m\u00e9s s\u00f2lids i desitjats de tota l\u00b4illa. I els preus ho reflecteixen. En aquest municipi hi [&hellip;]","og_url":"https:\/\/www.santanyi.net\/ca\/preu-casa-santanyi-2026-quant-costa-comprar-una-propietat-al-sud-est-de-mallorca\/","og_site_name":"RE\/MAX Drac","article_published_time":"2026-03-27T11:36:56+00:00","og_image":[{"width":600,"height":400,"url":"https:\/\/www.santanyi.net\/wp-content\/uploads\/2026\/03\/depositphotos_67435889-stock-photo-majorca-cala-llombards-santanyi-beach.webp","type":"image\/webp"}],"author":"admin","twitter_card":"summary_large_image","twitter_misc":{"Escrit per":"admin","Temps estimat de lectura":"6 minuts"},"schema":{"@context":"https:\/\/schema.org","@graph":[{"@type":"Article","@id":"https:\/\/www.santanyi.net\/ca\/preu-casa-santanyi-2026-quant-costa-comprar-una-propietat-al-sud-est-de-mallorca\/#article","isPartOf":{"@id":"https:\/\/www.santanyi.net\/ca\/preu-casa-santanyi-2026-quant-costa-comprar-una-propietat-al-sud-est-de-mallorca\/"},"author":{"name":"admin","@id":"https:\/\/www.santanyi.net\/ca\/#\/schema\/person\/a51483cd81d1d66908f23087083c16fd"},"headline":"Preu casa Santany\u00ed 2026: quant costa comprar una propietat al sud-est de Mallorca","datePublished":"2026-03-27T11:36:56+00:00","mainEntityOfPage":{"@id":"https:\/\/www.santanyi.net\/ca\/preu-casa-santanyi-2026-quant-costa-comprar-una-propietat-al-sud-est-de-mallorca\/"},"wordCount":1261,"commentCount":0,"publisher":{"@id":"https:\/\/www.santanyi.net\/ca\/#organization"},"image":{"@id":"https:\/\/www.santanyi.net\/ca\/preu-casa-santanyi-2026-quant-costa-comprar-una-propietat-al-sud-est-de-mallorca\/#primaryimage"},"thumbnailUrl":"https:\/\/www.santanyi.net\/wp-content\/uploads\/2026\/03\/depositphotos_67435889-stock-photo-majorca-cala-llombards-santanyi-beach.webp","articleSection":["Not\u00edcies"],"inLanguage":"ca","potentialAction":[{"@type":"CommentAction","name":"Comment","target":["https:\/\/www.santanyi.net\/ca\/preu-casa-santanyi-2026-quant-costa-comprar-una-propietat-al-sud-est-de-mallorca\/#respond"]}]},{"@type":"WebPage","@id":"https:\/\/www.santanyi.net\/ca\/preu-casa-santanyi-2026-quant-costa-comprar-una-propietat-al-sud-est-de-mallorca\/","url":"https:\/\/www.santanyi.net\/ca\/preu-casa-santanyi-2026-quant-costa-comprar-una-propietat-al-sud-est-de-mallorca\/","name":"Preu casa Santany\u00ed 2026: quant costa comprar una propietat al sud-est de Mallorca - RE\/MAX Drac","isPartOf":{"@id":"https:\/\/www.santanyi.net\/ca\/#website"},"primaryImageOfPage":{"@id":"https:\/\/www.santanyi.net\/ca\/preu-casa-santanyi-2026-quant-costa-comprar-una-propietat-al-sud-est-de-mallorca\/#primaryimage"},"image":{"@id":"https:\/\/www.santanyi.net\/ca\/preu-casa-santanyi-2026-quant-costa-comprar-una-propietat-al-sud-est-de-mallorca\/#primaryimage"},"thumbnailUrl":"https:\/\/www.santanyi.net\/wp-content\/uploads\/2026\/03\/depositphotos_67435889-stock-photo-majorca-cala-llombards-santanyi-beach.webp","datePublished":"2026-03-27T11:36:56+00:00","breadcrumb":{"@id":"https:\/\/www.santanyi.net\/ca\/preu-casa-santanyi-2026-quant-costa-comprar-una-propietat-al-sud-est-de-mallorca\/#breadcrumb"},"inLanguage":"ca","potentialAction":[{"@type":"ReadAction","target":["https:\/\/www.santanyi.net\/ca\/preu-casa-santanyi-2026-quant-costa-comprar-una-propietat-al-sud-est-de-mallorca\/"]}]},{"@type":"ImageObject","inLanguage":"ca","@id":"https:\/\/www.santanyi.net\/ca\/preu-casa-santanyi-2026-quant-costa-comprar-una-propietat-al-sud-est-de-mallorca\/#primaryimage","url":"https:\/\/www.santanyi.net\/wp-content\/uploads\/2026\/03\/depositphotos_67435889-stock-photo-majorca-cala-llombards-santanyi-beach.webp","contentUrl":"https:\/\/www.santanyi.net\/wp-content\/uploads\/2026\/03\/depositphotos_67435889-stock-photo-majorca-cala-llombards-santanyi-beach.webp","width":600,"height":400},{"@type":"BreadcrumbList","@id":"https:\/\/www.santanyi.net\/ca\/preu-casa-santanyi-2026-quant-costa-comprar-una-propietat-al-sud-est-de-mallorca\/#breadcrumb","itemListElement":[{"@type":"ListItem","position":1,"name":"Home","item":"https:\/\/www.santanyi.net\/ca\/"},{"@type":"ListItem","position":2,"name":"Preu casa Santany\u00ed 2026: quant costa comprar una propietat al sud-est de Mallorca"}]},{"@type":"WebSite","@id":"https:\/\/www.santanyi.net\/ca\/#website","url":"https:\/\/www.santanyi.net\/ca\/","name":"RE\/MAX Drac","description":"","publisher":{"@id":"https:\/\/www.santanyi.net\/ca\/#organization"},"potentialAction":[{"@type":"SearchAction","target":{"@type":"EntryPoint","urlTemplate":"https:\/\/www.santanyi.net\/ca\/?s={search_term_string}"},"query-input":{"@type":"PropertyValueSpecification","valueRequired":true,"valueName":"search_term_string"}}],"inLanguage":"ca"},{"@type":"Organization","@id":"https:\/\/www.santanyi.net\/ca\/#organization","name":"RE\/MAX Drac","url":"https:\/\/www.santanyi.net\/ca\/","logo":{"@type":"ImageObject","inLanguage":"ca","@id":"https:\/\/www.santanyi.net\/ca\/#\/schema\/logo\/image\/","url":"https:\/\/www.santanyi.net\/wp-content\/uploads\/2025\/07\/logo-nuevo.png","contentUrl":"https:\/\/www.santanyi.net\/wp-content\/uploads\/2025\/07\/logo-nuevo.png","width":295,"height":165,"caption":"RE\/MAX Drac"},"image":{"@id":"https:\/\/www.santanyi.net\/ca\/#\/schema\/logo\/image\/"}},{"@type":"Person","@id":"https:\/\/www.santanyi.net\/ca\/#\/schema\/person\/a51483cd81d1d66908f23087083c16fd","name":"admin","image":{"@type":"ImageObject","inLanguage":"ca","@id":"https:\/\/secure.gravatar.com\/avatar\/ad2dfbabc2755b417411c2f45505708204d4efb1679bbca3ab1b73683db5a2e6?s=96&d=mm&r=g","url":"https:\/\/secure.gravatar.com\/avatar\/ad2dfbabc2755b417411c2f45505708204d4efb1679bbca3ab1b73683db5a2e6?s=96&d=mm&r=g","contentUrl":"https:\/\/secure.gravatar.com\/avatar\/ad2dfbabc2755b417411c2f45505708204d4efb1679bbca3ab1b73683db5a2e6?s=96&d=mm&r=g","caption":"admin"},"sameAs":["https:\/\/drac.fxdw.dev"],"url":"https:\/\/www.santanyi.net\/ca\/author\/admindrac\/"}]}},"_links":{"self":[{"href":"https:\/\/www.santanyi.net\/ca\/wp-json\/wp\/v2\/posts\/169938","targetHints":{"allow":["GET"]}}],"collection":[{"href":"https:\/\/www.santanyi.net\/ca\/wp-json\/wp\/v2\/posts"}],"about":[{"href":"https:\/\/www.santanyi.net\/ca\/wp-json\/wp\/v2\/types\/post"}],"author":[{"embeddable":true,"href":"https:\/\/www.santanyi.net\/ca\/wp-json\/wp\/v2\/users\/1"}],"replies":[{"embeddable":true,"href":"https:\/\/www.santanyi.net\/ca\/wp-json\/wp\/v2\/comments?post=169938"}],"version-history":[{"count":1,"href":"https:\/\/www.santanyi.net\/ca\/wp-json\/wp\/v2\/posts\/169938\/revisions"}],"predecessor-version":[{"id":169941,"href":"https:\/\/www.santanyi.net\/ca\/wp-json\/wp\/v2\/posts\/169938\/revisions\/169941"}],"wp:featuredmedia":[{"embeddable":true,"href":"https:\/\/www.santanyi.net\/ca\/wp-json\/wp\/v2\/media\/169927"}],"wp:attachment":[{"href":"https:\/\/www.santanyi.net\/ca\/wp-json\/wp\/v2\/media?parent=169938"}],"wp:term":[{"taxonomy":"category","embeddable":true,"href":"https:\/\/www.santanyi.net\/ca\/wp-json\/wp\/v2\/categories?post=169938"},{"taxonomy":"post_tag","embeddable":true,"href":"https:\/\/www.santanyi.net\/ca\/wp-json\/wp\/v2\/tags?post=169938"}],"curies":[{"name":"wp","href":"https:\/\/api.w.org\/{rel}","templated":true}]}}