
{"id":141785,"date":"2026-03-02T09:14:59","date_gmt":"2026-03-02T09:14:59","guid":{"rendered":"https:\/\/www.santanyi.net\/cases-de-luxe-a-mallorca-que-les-fa-uniques-i-per-que-son-tan-demanades\/"},"modified":"2026-03-02T09:14:59","modified_gmt":"2026-03-02T09:14:59","slug":"cases-de-luxe-a-mallorca-que-les-fa-uniques-i-per-que-son-tan-demanades","status":"publish","type":"post","link":"https:\/\/www.santanyi.net\/ca\/cases-de-luxe-a-mallorca-que-les-fa-uniques-i-per-que-son-tan-demanades\/","title":{"rendered":"Cases de luxe a Mallorca: qu\u00e8 les fa \u00faniques i per qu\u00e8 s\u00f3n tan demanades"},"content":{"rendered":"<p data-start=\"424\" data-end=\"723\">Mallorca s&#8217;ha consolidat com una de les destinacions m\u00e9s exclusives de la Mediterr\u00e0nia. Els paisatges, el clima privilegiat i la qualitat de vida han convertit l&#8217;illa en un punt de refer\u00e8ncia per als que busquen propietats d&#8217;alt nivell. Per\u00f2 qu\u00e8 defineix realment una casa de luxe a Mallorca?  <\/p>\n<p data-start=\"725\" data-end=\"829\">M\u00e9s enll\u00e0 del preu, el luxe a l&#8217;illa es basa en ubicaci\u00f3, arquitectura, privadesa i estil de vida.<\/p>\n<p data-start=\"689\" data-end=\"792\">\n<hr data-start=\"794\" data-end=\"797\">\n<h2 data-start=\"799\" data-end=\"844\"><\/h2>\n<h2 data-start=\"799\" data-end=\"844\">Ubicaci\u00f3: el veritable factor diferencial<\/h2>\n<p data-start=\"846\" data-end=\"1031\">Al mercat premium, la ubicaci\u00f3 \u00e9s determinant. Les propietats m\u00e9s exclusives de Mallorca es troben en zones que ofereixen vistes privilegiades, privadesa i un entorn cuidat. <\/p>\n<p data-start=\"1033\" data-end=\"1309\">Santany\u00ed i el sud-est de l&#8217;illa, Son Vida, Port d&#8217;Andratx, Dei\u00e0 o Costa d&#8217;en Blanes s\u00f3n algunes de les \u00e0rees m\u00e9s demanades. La proximitat al mar, les vistes obertes, la tranquil\u00b7litat i l&#8217;acc\u00e9s a serveis d&#8217;alt nivell influeixen directament en el valor de la propietat. <\/p>\n<p data-start=\"1311\" data-end=\"1418\">En molts casos, la ubicaci\u00f3 representa una part essencial de l\u201fatractiu il\u201festabilitat de la inversi\u00f3.<\/p>\n<p data-start=\"1311\" data-end=\"1418\">\n<hr data-start=\"1420\" data-end=\"1423\">\n<h2 data-start=\"1425\" data-end=\"1488\"><\/h2>\n<h2 data-start=\"1425\" data-end=\"1488\">Arquitectura i disseny: tradici\u00f3 mediterr\u00e0nia reinterpretada<\/h2>\n<p data-start=\"1490\" data-end=\"1628\">Les cases de luxe a Mallorca combinen l\u00b4estil mediterrani tradicional amb l\u00ednies contempor\u00e0nies i solucions arquitect\u00f2niques modernes.<\/p>\n<p data-start=\"1630\" data-end=\"1909\">\u00c9s habitual trobar fa\u00e7anes de pedra natural, grans finestrals panor\u00e0mics, sostres alts, materials nobles i espais oberts que connecten interior i exterior. La llum natural n&#8217;\u00e9s protagonista, i cada estan\u00e7a est\u00e0 dissenyada per aprofitar el clima privilegiat de l&#8217;illa. <\/p>\n<p data-start=\"1911\" data-end=\"2052\">L&#8217;arquitectura busca integrar-se al paisatge, respectant la topografia i utilitzant materials locals que aporten autenticitat i car\u00e0cter.<\/p>\n<p data-start=\"1911\" data-end=\"2052\">\n<hr data-start=\"2054\" data-end=\"2057\">\n<h2 data-start=\"2059\" data-end=\"2083\"><\/h2>\n<h2 data-start=\"2059\" data-end=\"2083\">Privadesa i amplitud<\/h2>\n<p data-start=\"2085\" data-end=\"2256\">Un dels aspectes m\u00e9s valorats en el segment de luxe \u00e9s la privadesa. Les viles premium solen ubicar-se en parcel\u00b7les \u00e0mplies que garanteixen discreci\u00f3 i tranquil\u00b7litat. <\/p>\n<p data-start=\"2258\" data-end=\"2464\">Jardins dissenyats al detall, zones exteriors \u00e0mplies, terrasses orientades estrat\u00e8gicament i piscines integrades al conjunt arquitect\u00f2nic formen part del concepte d&#8217;habitatge exclusiu a Mallorca.<\/p>\n<p data-start=\"2466\" data-end=\"2517\">El luxe es tradueix en espai, silenci i llibertat.<\/p>\n<p data-start=\"2466\" data-end=\"2517\">\n<hr data-start=\"2519\" data-end=\"2522\">\n<h2 data-start=\"2524\" data-end=\"2554\"><\/h2>\n<h2 data-start=\"2524\" data-end=\"2554\">Tecnologia i sostenibilitat<\/h2>\n<p data-start=\"2556\" data-end=\"2766\">El luxe actual tamb\u00e9 implica efici\u00e8ncia i confort tecnol\u00f2gic. Les propietats d&#8217;alt nivell acostumen a incorporar sistemes de dom\u00f2tica, climatitzaci\u00f3 avan\u00e7ada, energies renovables i a\u00efllaments d&#8217;alta qualitat. <\/p>\n<p data-start=\"2768\" data-end=\"2940\">La sostenibilitat \u00e9s un element clau a les noves construccions, tant per consci\u00e8ncia mediambiental com per efici\u00e8ncia energ\u00e8tica i reducci\u00f3 de costos a llarg termini.<\/p>\n<p data-start=\"2768\" data-end=\"2940\">\n<hr data-start=\"2942\" data-end=\"2945\">\n<h2 data-start=\"2947\" data-end=\"2997\"><\/h2>\n<h2 data-start=\"2947\" data-end=\"2997\">Un mercat s\u00f2lid i atractiu per a la inversi\u00f3<\/h2>\n<p data-start=\"2999\" data-end=\"3189\">Mallorca compta amb una oferta limitada de terra i una demanda internacional constant. Aquest equilibri converteix el mercat immobiliari de luxe en un dels m\u00e9s estables de la Mediterr\u00e0nia. <\/p>\n<p data-start=\"3191\" data-end=\"3450\">Molts compradors adquireixen aquest tipus de propietats com segona resid\u00e8ncia, inversi\u00f3 patrimonial o canvi d&#8217;estil de vida. La combinaci\u00f3 d\u02bbestabilitat jur\u00eddica, entorn natural protegit i atractiu internacional refor\u00e7a la seguretat de la inversi\u00f3. <\/p>\n<p data-start=\"3191\" data-end=\"3450\">\n<hr data-start=\"3452\" data-end=\"3455\">\n<h2 data-start=\"3457\" data-end=\"3500\"><\/h2>\n<h2 data-start=\"3457\" data-end=\"3500\">M\u00e9s que un habitatge, una manera de viure<\/h2>\n<p data-start=\"3502\" data-end=\"3717\">Comprar una casa de luxe a Mallorca vol dir apostar per qualitat de vida. El clima, la gastronomia, el mar, la tranquil\u00b7litat i la seguretat fan que l&#8217;illa sigui un lloc ideal per gaudir durant tot l&#8217;any. <\/p>\n<p data-start=\"3719\" data-end=\"3823\">No nom\u00e9s es tracta d&#8217;adquirir una propietat, sin\u00f3 d&#8217;accedir a un estil de vida exclusiu i equilibrat.<\/p>\n<p data-start=\"3719\" data-end=\"3823\">\n<p data-start=\"3830\" data-end=\"3989\">A REMAX Drac us assessorem de forma personalitzada per trobar propietats exclusives que s&#8217;adaptin a les vostres expectatives i al vostre projecte de vida a Mallorca.<\/p>\n","protected":false},"excerpt":{"rendered":"<p>Mallorca s&#8217;ha consolidat com una de les destinacions m\u00e9s exclusives de la Mediterr\u00e0nia. Els paisatges, el clima privilegiat i la qualitat de vida han convertit l&#8217;illa en un punt de refer\u00e8ncia per als que busquen propietats d&#8217;alt nivell. Per\u00f2 qu\u00e8 defineix realment una casa de luxe a Mallorca? M\u00e9s enll\u00e0 del preu, el luxe a [&hellip;]<\/p>\n","protected":false},"author":1,"featured_media":141781,"comment_status":"open","ping_status":"open","sticky":false,"template":"","format":"standard","meta":{"_acf_changed":false,"_joinchat":[],"footnotes":""},"categories":[371],"tags":[],"class_list":["post-141785","post","type-post","status-publish","format-standard","has-post-thumbnail","hentry","category-noticies"],"acf":[],"yoast_head":"<!-- This site is optimized with the Yoast SEO plugin v27.5 - https:\/\/yoast.com\/product\/yoast-seo-wordpress\/ -->\n<title>Cases de luxe a Mallorca: qu\u00e8 les fa \u00faniques i per qu\u00e8 s\u00f3n tan demanades - RE\/MAX Drac<\/title>\n<meta name=\"robots\" content=\"index, follow, max-snippet:-1, max-image-preview:large, max-video-preview:-1\" \/>\n<link rel=\"canonical\" href=\"https:\/\/www.santanyi.net\/ca\/cases-de-luxe-a-mallorca-que-les-fa-uniques-i-per-que-son-tan-demanades\/\" \/>\n<meta property=\"og:locale\" content=\"ca_ES\" \/>\n<meta property=\"og:type\" content=\"article\" \/>\n<meta property=\"og:title\" content=\"Cases de luxe a Mallorca: qu\u00e8 les fa \u00faniques i per qu\u00e8 s\u00f3n tan demanades - RE\/MAX Drac\" \/>\n<meta property=\"og:description\" content=\"Mallorca s&#8217;ha consolidat com una de les destinacions m\u00e9s exclusives de la Mediterr\u00e0nia. Els paisatges, el clima privilegiat i la qualitat de vida han convertit l&#8217;illa en un punt de refer\u00e8ncia per als que busquen propietats d&#8217;alt nivell. Per\u00f2 qu\u00e8 defineix realment una casa de luxe a Mallorca? M\u00e9s enll\u00e0 del preu, el luxe a [&hellip;]\" \/>\n<meta property=\"og:url\" content=\"https:\/\/www.santanyi.net\/ca\/cases-de-luxe-a-mallorca-que-les-fa-uniques-i-per-que-son-tan-demanades\/\" \/>\n<meta property=\"og:site_name\" content=\"RE\/MAX Drac\" \/>\n<meta property=\"article:published_time\" content=\"2026-03-02T09:14:59+00:00\" \/>\n<meta property=\"og:image\" content=\"https:\/\/www.santanyi.net\/wp-content\/uploads\/2026\/03\/casa-lujo-mallorca-2.jpg\" \/>\n\t<meta property=\"og:image:width\" content=\"1920\" \/>\n\t<meta property=\"og:image:height\" content=\"1076\" \/>\n\t<meta property=\"og:image:type\" content=\"image\/jpeg\" \/>\n<meta name=\"author\" content=\"admin\" \/>\n<meta name=\"twitter:card\" content=\"summary_large_image\" \/>\n<meta name=\"twitter:label1\" content=\"Escrit per\" \/>\n\t<meta name=\"twitter:data1\" content=\"admin\" \/>\n\t<meta name=\"twitter:label2\" content=\"Temps estimat de lectura\" \/>\n\t<meta name=\"twitter:data2\" content=\"3 minuts\" \/>\n<script type=\"application\/ld+json\" class=\"yoast-schema-graph\">{\"@context\":\"https:\\\/\\\/schema.org\",\"@graph\":[{\"@type\":\"Article\",\"@id\":\"https:\\\/\\\/www.santanyi.net\\\/ca\\\/cases-de-luxe-a-mallorca-que-les-fa-uniques-i-per-que-son-tan-demanades\\\/#article\",\"isPartOf\":{\"@id\":\"https:\\\/\\\/www.santanyi.net\\\/ca\\\/cases-de-luxe-a-mallorca-que-les-fa-uniques-i-per-que-son-tan-demanades\\\/\"},\"author\":{\"name\":\"admin\",\"@id\":\"https:\\\/\\\/www.santanyi.net\\\/ca\\\/#\\\/schema\\\/person\\\/a51483cd81d1d66908f23087083c16fd\"},\"headline\":\"Cases de luxe a Mallorca: qu\u00e8 les fa \u00faniques i per qu\u00e8 s\u00f3n tan demanades\",\"datePublished\":\"2026-03-02T09:14:59+00:00\",\"mainEntityOfPage\":{\"@id\":\"https:\\\/\\\/www.santanyi.net\\\/ca\\\/cases-de-luxe-a-mallorca-que-les-fa-uniques-i-per-que-son-tan-demanades\\\/\"},\"wordCount\":592,\"commentCount\":0,\"publisher\":{\"@id\":\"https:\\\/\\\/www.santanyi.net\\\/ca\\\/#organization\"},\"image\":{\"@id\":\"https:\\\/\\\/www.santanyi.net\\\/ca\\\/cases-de-luxe-a-mallorca-que-les-fa-uniques-i-per-que-son-tan-demanades\\\/#primaryimage\"},\"thumbnailUrl\":\"https:\\\/\\\/www.santanyi.net\\\/wp-content\\\/uploads\\\/2026\\\/03\\\/casa-lujo-mallorca-2.jpg\",\"articleSection\":[\"Not\u00edcies\"],\"inLanguage\":\"ca\",\"potentialAction\":[{\"@type\":\"CommentAction\",\"name\":\"Comment\",\"target\":[\"https:\\\/\\\/www.santanyi.net\\\/ca\\\/cases-de-luxe-a-mallorca-que-les-fa-uniques-i-per-que-son-tan-demanades\\\/#respond\"]}]},{\"@type\":\"WebPage\",\"@id\":\"https:\\\/\\\/www.santanyi.net\\\/ca\\\/cases-de-luxe-a-mallorca-que-les-fa-uniques-i-per-que-son-tan-demanades\\\/\",\"url\":\"https:\\\/\\\/www.santanyi.net\\\/ca\\\/cases-de-luxe-a-mallorca-que-les-fa-uniques-i-per-que-son-tan-demanades\\\/\",\"name\":\"Cases de luxe a Mallorca: qu\u00e8 les fa \u00faniques i per qu\u00e8 s\u00f3n tan demanades - RE\\\/MAX Drac\",\"isPartOf\":{\"@id\":\"https:\\\/\\\/www.santanyi.net\\\/ca\\\/#website\"},\"primaryImageOfPage\":{\"@id\":\"https:\\\/\\\/www.santanyi.net\\\/ca\\\/cases-de-luxe-a-mallorca-que-les-fa-uniques-i-per-que-son-tan-demanades\\\/#primaryimage\"},\"image\":{\"@id\":\"https:\\\/\\\/www.santanyi.net\\\/ca\\\/cases-de-luxe-a-mallorca-que-les-fa-uniques-i-per-que-son-tan-demanades\\\/#primaryimage\"},\"thumbnailUrl\":\"https:\\\/\\\/www.santanyi.net\\\/wp-content\\\/uploads\\\/2026\\\/03\\\/casa-lujo-mallorca-2.jpg\",\"datePublished\":\"2026-03-02T09:14:59+00:00\",\"breadcrumb\":{\"@id\":\"https:\\\/\\\/www.santanyi.net\\\/ca\\\/cases-de-luxe-a-mallorca-que-les-fa-uniques-i-per-que-son-tan-demanades\\\/#breadcrumb\"},\"inLanguage\":\"ca\",\"potentialAction\":[{\"@type\":\"ReadAction\",\"target\":[\"https:\\\/\\\/www.santanyi.net\\\/ca\\\/cases-de-luxe-a-mallorca-que-les-fa-uniques-i-per-que-son-tan-demanades\\\/\"]}]},{\"@type\":\"ImageObject\",\"inLanguage\":\"ca\",\"@id\":\"https:\\\/\\\/www.santanyi.net\\\/ca\\\/cases-de-luxe-a-mallorca-que-les-fa-uniques-i-per-que-son-tan-demanades\\\/#primaryimage\",\"url\":\"https:\\\/\\\/www.santanyi.net\\\/wp-content\\\/uploads\\\/2026\\\/03\\\/casa-lujo-mallorca-2.jpg\",\"contentUrl\":\"https:\\\/\\\/www.santanyi.net\\\/wp-content\\\/uploads\\\/2026\\\/03\\\/casa-lujo-mallorca-2.jpg\",\"width\":1920,\"height\":1076,\"caption\":\"casas de lujo en venta Santany\u00ed Mallorca\"},{\"@type\":\"BreadcrumbList\",\"@id\":\"https:\\\/\\\/www.santanyi.net\\\/ca\\\/cases-de-luxe-a-mallorca-que-les-fa-uniques-i-per-que-son-tan-demanades\\\/#breadcrumb\",\"itemListElement\":[{\"@type\":\"ListItem\",\"position\":1,\"name\":\"Home\",\"item\":\"https:\\\/\\\/www.santanyi.net\\\/ca\\\/\"},{\"@type\":\"ListItem\",\"position\":2,\"name\":\"Cases de luxe a Mallorca: qu\u00e8 les fa \u00faniques i per qu\u00e8 s\u00f3n tan demanades\"}]},{\"@type\":\"WebSite\",\"@id\":\"https:\\\/\\\/www.santanyi.net\\\/ca\\\/#website\",\"url\":\"https:\\\/\\\/www.santanyi.net\\\/ca\\\/\",\"name\":\"RE\\\/MAX Drac\",\"description\":\"\",\"publisher\":{\"@id\":\"https:\\\/\\\/www.santanyi.net\\\/ca\\\/#organization\"},\"potentialAction\":[{\"@type\":\"SearchAction\",\"target\":{\"@type\":\"EntryPoint\",\"urlTemplate\":\"https:\\\/\\\/www.santanyi.net\\\/ca\\\/?s={search_term_string}\"},\"query-input\":{\"@type\":\"PropertyValueSpecification\",\"valueRequired\":true,\"valueName\":\"search_term_string\"}}],\"inLanguage\":\"ca\"},{\"@type\":\"Organization\",\"@id\":\"https:\\\/\\\/www.santanyi.net\\\/ca\\\/#organization\",\"name\":\"RE\\\/MAX Drac\",\"url\":\"https:\\\/\\\/www.santanyi.net\\\/ca\\\/\",\"logo\":{\"@type\":\"ImageObject\",\"inLanguage\":\"ca\",\"@id\":\"https:\\\/\\\/www.santanyi.net\\\/ca\\\/#\\\/schema\\\/logo\\\/image\\\/\",\"url\":\"https:\\\/\\\/www.santanyi.net\\\/wp-content\\\/uploads\\\/2025\\\/07\\\/logo-nuevo.png\",\"contentUrl\":\"https:\\\/\\\/www.santanyi.net\\\/wp-content\\\/uploads\\\/2025\\\/07\\\/logo-nuevo.png\",\"width\":295,\"height\":165,\"caption\":\"RE\\\/MAX Drac\"},\"image\":{\"@id\":\"https:\\\/\\\/www.santanyi.net\\\/ca\\\/#\\\/schema\\\/logo\\\/image\\\/\"}},{\"@type\":\"Person\",\"@id\":\"https:\\\/\\\/www.santanyi.net\\\/ca\\\/#\\\/schema\\\/person\\\/a51483cd81d1d66908f23087083c16fd\",\"name\":\"admin\",\"image\":{\"@type\":\"ImageObject\",\"inLanguage\":\"ca\",\"@id\":\"https:\\\/\\\/secure.gravatar.com\\\/avatar\\\/ad2dfbabc2755b417411c2f45505708204d4efb1679bbca3ab1b73683db5a2e6?s=96&d=mm&r=g\",\"url\":\"https:\\\/\\\/secure.gravatar.com\\\/avatar\\\/ad2dfbabc2755b417411c2f45505708204d4efb1679bbca3ab1b73683db5a2e6?s=96&d=mm&r=g\",\"contentUrl\":\"https:\\\/\\\/secure.gravatar.com\\\/avatar\\\/ad2dfbabc2755b417411c2f45505708204d4efb1679bbca3ab1b73683db5a2e6?s=96&d=mm&r=g\",\"caption\":\"admin\"},\"sameAs\":[\"https:\\\/\\\/drac.fxdw.dev\"],\"url\":\"https:\\\/\\\/www.santanyi.net\\\/ca\\\/author\\\/admindrac\\\/\"}]}<\/script>\n<!-- \/ Yoast SEO plugin. -->","yoast_head_json":{"title":"Cases de luxe a Mallorca: qu\u00e8 les fa \u00faniques i per qu\u00e8 s\u00f3n tan demanades - RE\/MAX Drac","robots":{"index":"index","follow":"follow","max-snippet":"max-snippet:-1","max-image-preview":"max-image-preview:large","max-video-preview":"max-video-preview:-1"},"canonical":"https:\/\/www.santanyi.net\/ca\/cases-de-luxe-a-mallorca-que-les-fa-uniques-i-per-que-son-tan-demanades\/","og_locale":"ca_ES","og_type":"article","og_title":"Cases de luxe a Mallorca: qu\u00e8 les fa \u00faniques i per qu\u00e8 s\u00f3n tan demanades - RE\/MAX Drac","og_description":"Mallorca s&#8217;ha consolidat com una de les destinacions m\u00e9s exclusives de la Mediterr\u00e0nia. Els paisatges, el clima privilegiat i la qualitat de vida han convertit l&#8217;illa en un punt de refer\u00e8ncia per als que busquen propietats d&#8217;alt nivell. Per\u00f2 qu\u00e8 defineix realment una casa de luxe a Mallorca? M\u00e9s enll\u00e0 del preu, el luxe a [&hellip;]","og_url":"https:\/\/www.santanyi.net\/ca\/cases-de-luxe-a-mallorca-que-les-fa-uniques-i-per-que-son-tan-demanades\/","og_site_name":"RE\/MAX Drac","article_published_time":"2026-03-02T09:14:59+00:00","og_image":[{"width":1920,"height":1076,"url":"https:\/\/www.santanyi.net\/wp-content\/uploads\/2026\/03\/casa-lujo-mallorca-2.jpg","type":"image\/jpeg"}],"author":"admin","twitter_card":"summary_large_image","twitter_misc":{"Escrit per":"admin","Temps estimat de lectura":"3 minuts"},"schema":{"@context":"https:\/\/schema.org","@graph":[{"@type":"Article","@id":"https:\/\/www.santanyi.net\/ca\/cases-de-luxe-a-mallorca-que-les-fa-uniques-i-per-que-son-tan-demanades\/#article","isPartOf":{"@id":"https:\/\/www.santanyi.net\/ca\/cases-de-luxe-a-mallorca-que-les-fa-uniques-i-per-que-son-tan-demanades\/"},"author":{"name":"admin","@id":"https:\/\/www.santanyi.net\/ca\/#\/schema\/person\/a51483cd81d1d66908f23087083c16fd"},"headline":"Cases de luxe a Mallorca: qu\u00e8 les fa \u00faniques i per qu\u00e8 s\u00f3n tan demanades","datePublished":"2026-03-02T09:14:59+00:00","mainEntityOfPage":{"@id":"https:\/\/www.santanyi.net\/ca\/cases-de-luxe-a-mallorca-que-les-fa-uniques-i-per-que-son-tan-demanades\/"},"wordCount":592,"commentCount":0,"publisher":{"@id":"https:\/\/www.santanyi.net\/ca\/#organization"},"image":{"@id":"https:\/\/www.santanyi.net\/ca\/cases-de-luxe-a-mallorca-que-les-fa-uniques-i-per-que-son-tan-demanades\/#primaryimage"},"thumbnailUrl":"https:\/\/www.santanyi.net\/wp-content\/uploads\/2026\/03\/casa-lujo-mallorca-2.jpg","articleSection":["Not\u00edcies"],"inLanguage":"ca","potentialAction":[{"@type":"CommentAction","name":"Comment","target":["https:\/\/www.santanyi.net\/ca\/cases-de-luxe-a-mallorca-que-les-fa-uniques-i-per-que-son-tan-demanades\/#respond"]}]},{"@type":"WebPage","@id":"https:\/\/www.santanyi.net\/ca\/cases-de-luxe-a-mallorca-que-les-fa-uniques-i-per-que-son-tan-demanades\/","url":"https:\/\/www.santanyi.net\/ca\/cases-de-luxe-a-mallorca-que-les-fa-uniques-i-per-que-son-tan-demanades\/","name":"Cases de luxe a Mallorca: qu\u00e8 les fa \u00faniques i per qu\u00e8 s\u00f3n tan demanades - RE\/MAX Drac","isPartOf":{"@id":"https:\/\/www.santanyi.net\/ca\/#website"},"primaryImageOfPage":{"@id":"https:\/\/www.santanyi.net\/ca\/cases-de-luxe-a-mallorca-que-les-fa-uniques-i-per-que-son-tan-demanades\/#primaryimage"},"image":{"@id":"https:\/\/www.santanyi.net\/ca\/cases-de-luxe-a-mallorca-que-les-fa-uniques-i-per-que-son-tan-demanades\/#primaryimage"},"thumbnailUrl":"https:\/\/www.santanyi.net\/wp-content\/uploads\/2026\/03\/casa-lujo-mallorca-2.jpg","datePublished":"2026-03-02T09:14:59+00:00","breadcrumb":{"@id":"https:\/\/www.santanyi.net\/ca\/cases-de-luxe-a-mallorca-que-les-fa-uniques-i-per-que-son-tan-demanades\/#breadcrumb"},"inLanguage":"ca","potentialAction":[{"@type":"ReadAction","target":["https:\/\/www.santanyi.net\/ca\/cases-de-luxe-a-mallorca-que-les-fa-uniques-i-per-que-son-tan-demanades\/"]}]},{"@type":"ImageObject","inLanguage":"ca","@id":"https:\/\/www.santanyi.net\/ca\/cases-de-luxe-a-mallorca-que-les-fa-uniques-i-per-que-son-tan-demanades\/#primaryimage","url":"https:\/\/www.santanyi.net\/wp-content\/uploads\/2026\/03\/casa-lujo-mallorca-2.jpg","contentUrl":"https:\/\/www.santanyi.net\/wp-content\/uploads\/2026\/03\/casa-lujo-mallorca-2.jpg","width":1920,"height":1076,"caption":"casas de lujo en venta Santany\u00ed Mallorca"},{"@type":"BreadcrumbList","@id":"https:\/\/www.santanyi.net\/ca\/cases-de-luxe-a-mallorca-que-les-fa-uniques-i-per-que-son-tan-demanades\/#breadcrumb","itemListElement":[{"@type":"ListItem","position":1,"name":"Home","item":"https:\/\/www.santanyi.net\/ca\/"},{"@type":"ListItem","position":2,"name":"Cases de luxe a Mallorca: qu\u00e8 les fa \u00faniques i per qu\u00e8 s\u00f3n tan demanades"}]},{"@type":"WebSite","@id":"https:\/\/www.santanyi.net\/ca\/#website","url":"https:\/\/www.santanyi.net\/ca\/","name":"RE\/MAX Drac","description":"","publisher":{"@id":"https:\/\/www.santanyi.net\/ca\/#organization"},"potentialAction":[{"@type":"SearchAction","target":{"@type":"EntryPoint","urlTemplate":"https:\/\/www.santanyi.net\/ca\/?s={search_term_string}"},"query-input":{"@type":"PropertyValueSpecification","valueRequired":true,"valueName":"search_term_string"}}],"inLanguage":"ca"},{"@type":"Organization","@id":"https:\/\/www.santanyi.net\/ca\/#organization","name":"RE\/MAX Drac","url":"https:\/\/www.santanyi.net\/ca\/","logo":{"@type":"ImageObject","inLanguage":"ca","@id":"https:\/\/www.santanyi.net\/ca\/#\/schema\/logo\/image\/","url":"https:\/\/www.santanyi.net\/wp-content\/uploads\/2025\/07\/logo-nuevo.png","contentUrl":"https:\/\/www.santanyi.net\/wp-content\/uploads\/2025\/07\/logo-nuevo.png","width":295,"height":165,"caption":"RE\/MAX Drac"},"image":{"@id":"https:\/\/www.santanyi.net\/ca\/#\/schema\/logo\/image\/"}},{"@type":"Person","@id":"https:\/\/www.santanyi.net\/ca\/#\/schema\/person\/a51483cd81d1d66908f23087083c16fd","name":"admin","image":{"@type":"ImageObject","inLanguage":"ca","@id":"https:\/\/secure.gravatar.com\/avatar\/ad2dfbabc2755b417411c2f45505708204d4efb1679bbca3ab1b73683db5a2e6?s=96&d=mm&r=g","url":"https:\/\/secure.gravatar.com\/avatar\/ad2dfbabc2755b417411c2f45505708204d4efb1679bbca3ab1b73683db5a2e6?s=96&d=mm&r=g","contentUrl":"https:\/\/secure.gravatar.com\/avatar\/ad2dfbabc2755b417411c2f45505708204d4efb1679bbca3ab1b73683db5a2e6?s=96&d=mm&r=g","caption":"admin"},"sameAs":["https:\/\/drac.fxdw.dev"],"url":"https:\/\/www.santanyi.net\/ca\/author\/admindrac\/"}]}},"_links":{"self":[{"href":"https:\/\/www.santanyi.net\/ca\/wp-json\/wp\/v2\/posts\/141785","targetHints":{"allow":["GET"]}}],"collection":[{"href":"https:\/\/www.santanyi.net\/ca\/wp-json\/wp\/v2\/posts"}],"about":[{"href":"https:\/\/www.santanyi.net\/ca\/wp-json\/wp\/v2\/types\/post"}],"author":[{"embeddable":true,"href":"https:\/\/www.santanyi.net\/ca\/wp-json\/wp\/v2\/users\/1"}],"replies":[{"embeddable":true,"href":"https:\/\/www.santanyi.net\/ca\/wp-json\/wp\/v2\/comments?post=141785"}],"version-history":[{"count":0,"href":"https:\/\/www.santanyi.net\/ca\/wp-json\/wp\/v2\/posts\/141785\/revisions"}],"wp:featuredmedia":[{"embeddable":true,"href":"https:\/\/www.santanyi.net\/ca\/wp-json\/wp\/v2\/media\/141781"}],"wp:attachment":[{"href":"https:\/\/www.santanyi.net\/ca\/wp-json\/wp\/v2\/media?parent=141785"}],"wp:term":[{"taxonomy":"category","embeddable":true,"href":"https:\/\/www.santanyi.net\/ca\/wp-json\/wp\/v2\/categories?post=141785"},{"taxonomy":"post_tag","embeddable":true,"href":"https:\/\/www.santanyi.net\/ca\/wp-json\/wp\/v2\/tags?post=141785"}],"curies":[{"name":"wp","href":"https:\/\/api.w.org\/{rel}","templated":true}]}}