
{"id":138865,"date":"2026-02-23T08:50:49","date_gmt":"2026-02-23T08:50:49","guid":{"rendered":"https:\/\/www.santanyi.net\/casa-estil-mediterrani-que-el-caracteritza-i-punts-clau-arquitectonics\/"},"modified":"2026-02-23T08:50:49","modified_gmt":"2026-02-23T08:50:49","slug":"casa-estil-mediterrani-que-el-caracteritza-i-punts-clau-arquitectonics","status":"publish","type":"post","link":"https:\/\/www.santanyi.net\/ca\/casa-estil-mediterrani-que-el-caracteritza-i-punts-clau-arquitectonics\/","title":{"rendered":"Casa estil mediterrani: qu\u00e8 el caracteritza i punts clau arquitect\u00f2nics"},"content":{"rendered":"<p data-start=\"163\" data-end=\"569\">La casa mediterr\u00e0nia \u00e9s una de les tipologies m\u00e9s representatives de Mallorca. El seu disseny no respon \u00fanicament a una q\u00fcesti\u00f3 est\u00e8tica, sin\u00f3 a una adaptaci\u00f3 intel\u00b7ligent al clima, al paisatge i la forma de vida de l&#8217;illa. Llum natural, materials nobles i connexi\u00f3 amb l&#8217;exterior s\u00f3n la base d&#8217;una arquitectura que ha perdurat durant segles i que avui \u00e9s una de les m\u00e9s demandades.  <\/p>\n<p data-start=\"571\" data-end=\"708\">A REMAX Drac veiem com aquest tipus d&#8217;habitatge continua sent una refer\u00e8ncia tant a finques tradicionals com a viles d&#8217;obra nova.<\/p>\n<h2 data-start=\"715\" data-end=\"769\"><\/h2>\n<h2 data-start=\"715\" data-end=\"769\">Qu\u00e8 caracteritza una casa mediterr\u00e0nia?<\/h2>\n<p data-start=\"771\" data-end=\"856\">L\u00b4estil mediterrani combina tradici\u00f3 i funcionalitat. Els seus principals trets s\u00f3n: <\/p>\n<ul data-start=\"858\" data-end=\"1091\">\n<li data-start=\"858\" data-end=\"916\">\n<p data-start=\"860\" data-end=\"916\">Colors clars a fa\u00e7anes (blanc, sorra, tons terra)<\/p>\n<\/li>\n<li data-start=\"917\" data-end=\"952\">\n<p data-start=\"919\" data-end=\"952\">\u00das de pedra natural mallorquina<\/p>\n<\/li>\n<li data-start=\"953\" data-end=\"988\">\n<p data-start=\"955\" data-end=\"988\">Teulades inclinades amb teula \u00e0rab<\/p>\n<\/li>\n<li data-start=\"989\" data-end=\"1013\">\n<p data-start=\"991\" data-end=\"1013\">Bigues de fusta vistes<\/p>\n<\/li>\n<li data-start=\"1014\" data-end=\"1060\">\n<p data-start=\"1016\" data-end=\"1060\">Grans finestrals i orientaci\u00f3 estrat\u00e8gica<\/p>\n<\/li>\n<li data-start=\"1061\" data-end=\"1091\">\n<p data-start=\"1063\" data-end=\"1091\">Patis interiors i terrasses<\/p>\n<\/li>\n<\/ul>\n<p data-start=\"1093\" data-end=\"1226\">Per\u00f2 m\u00e9s enll\u00e0 d&#8217;aquests elements visuals, all\u00f2 que realment defineix la casa mediterr\u00e0nia \u00e9s el seu equilibri entre l&#8217;interior i l&#8217;exterior.<\/p>\n<h2 data-start=\"1233\" data-end=\"1264\"><\/h2>\n<h2 data-start=\"1233\" data-end=\"1264\">Punts clau arquitect\u00f2nics<\/h2>\n<h3 data-start=\"1266\" data-end=\"1299\">1. Integraci\u00f3 amb lentorn<\/h3>\n<p data-start=\"1301\" data-end=\"1517\">L\u00b4arquitectura mediterr\u00e0nia respecta el paisatge. Els habitatges solen adaptar-se al terreny utilitzant murs de pedra i vegetaci\u00f3 aut\u00f2ctona per fondre&#8217;s amb l&#8217;entorn natural. No busquen imposar-se sin\u00f3 harmonitzar.  <\/p>\n<h3 data-start=\"1519\" data-end=\"1554\">2. Disseny pensat per al clima<\/h3>\n<p data-start=\"1556\" data-end=\"1668\">Les cases mediterr\u00e0nies estan dissenyades per protegir la calor a l&#8217;estiu i mantenir la temperatura a l&#8217;hivern:<\/p>\n<ul data-start=\"1670\" data-end=\"1817\">\n<li data-start=\"1670\" data-end=\"1723\">\n<p data-start=\"1672\" data-end=\"1723\">Murs gruixuts que actuen com a a\u00efllament natural<\/p>\n<\/li>\n<li data-start=\"1724\" data-end=\"1775\">\n<p data-start=\"1726\" data-end=\"1775\">Ventilaci\u00f3 creuada per refrescar els espais<\/p>\n<\/li>\n<li data-start=\"1776\" data-end=\"1817\">\n<p data-start=\"1778\" data-end=\"1817\">Porxos i p\u00e8rgoles que generen ombra<\/p>\n<\/li>\n<\/ul>\n<p data-start=\"1819\" data-end=\"1922\">Aquest disseny bioclim\u00e0tic tradicional es complementa avui amb sistemes moderns d&#8217;efici\u00e8ncia energ\u00e8tica.<\/p>\n<h3 data-start=\"1924\" data-end=\"1961\">3. Protagonisme de la llum natural<\/h3>\n<p data-start=\"1963\" data-end=\"2162\">Lorientaci\u00f3 \u00e9s fonamental. Les estances principals solen obrir-se cap al sud o sud-oest per aprofitar la llum durant el dia. Grans finestrals connecten l\u00b4interior amb jardins i piscines.  <\/p>\n<h3 data-start=\"2164\" data-end=\"2205\">4. Materials naturals i artesanals<\/h3>\n<p data-start=\"2207\" data-end=\"2388\">La pedra, la fusta massissa, el ferro forjat i la cer\u00e0mica formen part essencial de la construcci\u00f3. Aquests materials no sols aporten est\u00e8tica, sin\u00f3 durabilitat i confort t\u00e8rmic. <\/p>\n<h3 data-start=\"2390\" data-end=\"2442\">5. Espais exteriors com a part de l&#8217;habitatge<\/h3>\n<p data-start=\"2444\" data-end=\"2632\">A una casa mediterr\u00e0nia, l&#8217;exterior no \u00e9s un complement: \u00e9s una extensi\u00f3 de la llar. Terrasses, patis, zones chill-out i piscines formen part del disseny arquitect\u00f2nic des del comen\u00e7ament. <\/p>\n<h2 data-start=\"2639\" data-end=\"2686\"><\/h2>\n<h2 data-start=\"2639\" data-end=\"2686\">L\u00b4evoluci\u00f3 moderna de l\u00b4estil mediterrani<\/h2>\n<p data-start=\"2688\" data-end=\"2774\">Avui dia, moltes cases de nova construcci\u00f3 reinterpreten aquest estil incorporant:<\/p>\n<ul data-start=\"2776\" data-end=\"2887\">\n<li data-start=\"2776\" data-end=\"2803\">\n<p data-start=\"2778\" data-end=\"2803\">L\u00ednies m\u00e9s minimalistes<\/p>\n<\/li>\n<li data-start=\"2804\" data-end=\"2840\">\n<p data-start=\"2806\" data-end=\"2840\">Grans superf\u00edcies de vidre<\/p>\n<\/li>\n<li data-start=\"2841\" data-end=\"2863\">\n<p data-start=\"2843\" data-end=\"2863\">Sistemes dom\u00f2tics<\/p>\n<\/li>\n<li data-start=\"2864\" data-end=\"2887\">\n<p data-start=\"2866\" data-end=\"2887\">Energies renovables<\/p>\n<\/li>\n<\/ul>\n<p data-start=\"2889\" data-end=\"2982\">Es mant\u00e9 l&#8217;ess\u00e8ncia tradicional per\u00f2 amb est\u00e0ndards actuals de confort i sostenibilitat.<\/p>\n<h2 data-start=\"2989\" data-end=\"3002\"><\/h2>\n<h2 data-start=\"2989\" data-end=\"3002\">Conclusi\u00f3<\/h2>\n<p data-start=\"3004\" data-end=\"3316\">La casa mediterr\u00e0nia no \u00e9s nom\u00e9s una tend\u00e8ncia est\u00e8tica: \u00e9s una manera d&#8217;entendre l&#8217;arquitectura a Mallorca. Funcional, lluminosa, integrada al paisatge i dissenyada per gaudir de l&#8217;exterior, continua sent una de les tipologies m\u00e9s valorades tant per residents com per compradors internacionals. <\/p>\n<p data-start=\"3318\" data-end=\"3436\">A REMAX Drac us ajudem a trobar propietats que reflecteixin aquesta ess\u00e8ncia i s&#8217;adaptin a la vostra manera de viure l&#8217;illa.<\/p>\n","protected":false},"excerpt":{"rendered":"<p>La casa mediterr\u00e0nia \u00e9s una de les tipologies m\u00e9s representatives de Mallorca. El seu disseny no respon \u00fanicament a una q\u00fcesti\u00f3 est\u00e8tica, sin\u00f3 a una adaptaci\u00f3 intel\u00b7ligent al clima, al paisatge i la forma de vida de l&#8217;illa. Llum natural, materials nobles i connexi\u00f3 amb l&#8217;exterior s\u00f3n la base d&#8217;una arquitectura que ha perdurat durant [&hellip;]<\/p>\n","protected":false},"author":1,"featured_media":138862,"comment_status":"open","ping_status":"open","sticky":false,"template":"","format":"standard","meta":{"_acf_changed":false,"_joinchat":[],"footnotes":""},"categories":[2846],"tags":[],"class_list":["post-138865","post","type-post","status-publish","format-standard","has-post-thumbnail","hentry","category-guies-i-consells"],"acf":[],"yoast_head":"<!-- This site is optimized with the Yoast SEO plugin v27.5 - https:\/\/yoast.com\/product\/yoast-seo-wordpress\/ -->\n<title>Casa estil mediterrani: qu\u00e8 el caracteritza i punts clau arquitect\u00f2nics - RE\/MAX Drac<\/title>\n<meta name=\"robots\" content=\"index, follow, max-snippet:-1, max-image-preview:large, max-video-preview:-1\" \/>\n<link rel=\"canonical\" href=\"https:\/\/www.santanyi.net\/ca\/casa-estil-mediterrani-que-el-caracteritza-i-punts-clau-arquitectonics\/\" \/>\n<meta property=\"og:locale\" content=\"ca_ES\" \/>\n<meta property=\"og:type\" content=\"article\" \/>\n<meta property=\"og:title\" content=\"Casa estil mediterrani: qu\u00e8 el caracteritza i punts clau arquitect\u00f2nics - RE\/MAX Drac\" \/>\n<meta property=\"og:description\" content=\"La casa mediterr\u00e0nia \u00e9s una de les tipologies m\u00e9s representatives de Mallorca. El seu disseny no respon \u00fanicament a una q\u00fcesti\u00f3 est\u00e8tica, sin\u00f3 a una adaptaci\u00f3 intel\u00b7ligent al clima, al paisatge i la forma de vida de l&#8217;illa. Llum natural, materials nobles i connexi\u00f3 amb l&#8217;exterior s\u00f3n la base d&#8217;una arquitectura que ha perdurat durant [&hellip;]\" \/>\n<meta property=\"og:url\" content=\"https:\/\/www.santanyi.net\/ca\/casa-estil-mediterrani-que-el-caracteritza-i-punts-clau-arquitectonics\/\" \/>\n<meta property=\"og:site_name\" content=\"RE\/MAX Drac\" \/>\n<meta property=\"article:published_time\" content=\"2026-02-23T08:50:49+00:00\" \/>\n<meta property=\"og:image\" content=\"https:\/\/www.santanyi.net\/wp-content\/uploads\/2026\/02\/casa-mediterranea1.jpg\" \/>\n\t<meta property=\"og:image:width\" content=\"1920\" \/>\n\t<meta property=\"og:image:height\" content=\"1313\" \/>\n\t<meta property=\"og:image:type\" content=\"image\/jpeg\" \/>\n<meta name=\"author\" content=\"admin\" \/>\n<meta name=\"twitter:card\" content=\"summary_large_image\" \/>\n<meta name=\"twitter:label1\" content=\"Escrit per\" \/>\n\t<meta name=\"twitter:data1\" content=\"admin\" \/>\n\t<meta name=\"twitter:label2\" content=\"Temps estimat de lectura\" \/>\n\t<meta name=\"twitter:data2\" content=\"2 minuts\" \/>\n<script type=\"application\/ld+json\" class=\"yoast-schema-graph\">{\"@context\":\"https:\\\/\\\/schema.org\",\"@graph\":[{\"@type\":\"Article\",\"@id\":\"https:\\\/\\\/www.santanyi.net\\\/ca\\\/casa-estil-mediterrani-que-el-caracteritza-i-punts-clau-arquitectonics\\\/#article\",\"isPartOf\":{\"@id\":\"https:\\\/\\\/www.santanyi.net\\\/ca\\\/casa-estil-mediterrani-que-el-caracteritza-i-punts-clau-arquitectonics\\\/\"},\"author\":{\"name\":\"admin\",\"@id\":\"https:\\\/\\\/www.santanyi.net\\\/ca\\\/#\\\/schema\\\/person\\\/a51483cd81d1d66908f23087083c16fd\"},\"headline\":\"Casa estil mediterrani: qu\u00e8 el caracteritza i punts clau arquitect\u00f2nics\",\"datePublished\":\"2026-02-23T08:50:49+00:00\",\"mainEntityOfPage\":{\"@id\":\"https:\\\/\\\/www.santanyi.net\\\/ca\\\/casa-estil-mediterrani-que-el-caracteritza-i-punts-clau-arquitectonics\\\/\"},\"wordCount\":524,\"commentCount\":0,\"publisher\":{\"@id\":\"https:\\\/\\\/www.santanyi.net\\\/ca\\\/#organization\"},\"image\":{\"@id\":\"https:\\\/\\\/www.santanyi.net\\\/ca\\\/casa-estil-mediterrani-que-el-caracteritza-i-punts-clau-arquitectonics\\\/#primaryimage\"},\"thumbnailUrl\":\"https:\\\/\\\/www.santanyi.net\\\/wp-content\\\/uploads\\\/2026\\\/02\\\/casa-mediterranea1.jpg\",\"articleSection\":[\"Guies i consells\"],\"inLanguage\":\"ca\",\"potentialAction\":[{\"@type\":\"CommentAction\",\"name\":\"Comment\",\"target\":[\"https:\\\/\\\/www.santanyi.net\\\/ca\\\/casa-estil-mediterrani-que-el-caracteritza-i-punts-clau-arquitectonics\\\/#respond\"]}]},{\"@type\":\"WebPage\",\"@id\":\"https:\\\/\\\/www.santanyi.net\\\/ca\\\/casa-estil-mediterrani-que-el-caracteritza-i-punts-clau-arquitectonics\\\/\",\"url\":\"https:\\\/\\\/www.santanyi.net\\\/ca\\\/casa-estil-mediterrani-que-el-caracteritza-i-punts-clau-arquitectonics\\\/\",\"name\":\"Casa estil mediterrani: qu\u00e8 el caracteritza i punts clau arquitect\u00f2nics - RE\\\/MAX Drac\",\"isPartOf\":{\"@id\":\"https:\\\/\\\/www.santanyi.net\\\/ca\\\/#website\"},\"primaryImageOfPage\":{\"@id\":\"https:\\\/\\\/www.santanyi.net\\\/ca\\\/casa-estil-mediterrani-que-el-caracteritza-i-punts-clau-arquitectonics\\\/#primaryimage\"},\"image\":{\"@id\":\"https:\\\/\\\/www.santanyi.net\\\/ca\\\/casa-estil-mediterrani-que-el-caracteritza-i-punts-clau-arquitectonics\\\/#primaryimage\"},\"thumbnailUrl\":\"https:\\\/\\\/www.santanyi.net\\\/wp-content\\\/uploads\\\/2026\\\/02\\\/casa-mediterranea1.jpg\",\"datePublished\":\"2026-02-23T08:50:49+00:00\",\"breadcrumb\":{\"@id\":\"https:\\\/\\\/www.santanyi.net\\\/ca\\\/casa-estil-mediterrani-que-el-caracteritza-i-punts-clau-arquitectonics\\\/#breadcrumb\"},\"inLanguage\":\"ca\",\"potentialAction\":[{\"@type\":\"ReadAction\",\"target\":[\"https:\\\/\\\/www.santanyi.net\\\/ca\\\/casa-estil-mediterrani-que-el-caracteritza-i-punts-clau-arquitectonics\\\/\"]}]},{\"@type\":\"ImageObject\",\"inLanguage\":\"ca\",\"@id\":\"https:\\\/\\\/www.santanyi.net\\\/ca\\\/casa-estil-mediterrani-que-el-caracteritza-i-punts-clau-arquitectonics\\\/#primaryimage\",\"url\":\"https:\\\/\\\/www.santanyi.net\\\/wp-content\\\/uploads\\\/2026\\\/02\\\/casa-mediterranea1.jpg\",\"contentUrl\":\"https:\\\/\\\/www.santanyi.net\\\/wp-content\\\/uploads\\\/2026\\\/02\\\/casa-mediterranea1.jpg\",\"width\":1920,\"height\":1313,\"caption\":\"casa estilo mediterr\u00e1neo Santany\u00ed Mallorca\"},{\"@type\":\"BreadcrumbList\",\"@id\":\"https:\\\/\\\/www.santanyi.net\\\/ca\\\/casa-estil-mediterrani-que-el-caracteritza-i-punts-clau-arquitectonics\\\/#breadcrumb\",\"itemListElement\":[{\"@type\":\"ListItem\",\"position\":1,\"name\":\"Home\",\"item\":\"https:\\\/\\\/www.santanyi.net\\\/ca\\\/\"},{\"@type\":\"ListItem\",\"position\":2,\"name\":\"Casa estil mediterrani: qu\u00e8 el caracteritza i punts clau arquitect\u00f2nics\"}]},{\"@type\":\"WebSite\",\"@id\":\"https:\\\/\\\/www.santanyi.net\\\/ca\\\/#website\",\"url\":\"https:\\\/\\\/www.santanyi.net\\\/ca\\\/\",\"name\":\"RE\\\/MAX Drac\",\"description\":\"\",\"publisher\":{\"@id\":\"https:\\\/\\\/www.santanyi.net\\\/ca\\\/#organization\"},\"potentialAction\":[{\"@type\":\"SearchAction\",\"target\":{\"@type\":\"EntryPoint\",\"urlTemplate\":\"https:\\\/\\\/www.santanyi.net\\\/ca\\\/?s={search_term_string}\"},\"query-input\":{\"@type\":\"PropertyValueSpecification\",\"valueRequired\":true,\"valueName\":\"search_term_string\"}}],\"inLanguage\":\"ca\"},{\"@type\":\"Organization\",\"@id\":\"https:\\\/\\\/www.santanyi.net\\\/ca\\\/#organization\",\"name\":\"RE\\\/MAX Drac\",\"url\":\"https:\\\/\\\/www.santanyi.net\\\/ca\\\/\",\"logo\":{\"@type\":\"ImageObject\",\"inLanguage\":\"ca\",\"@id\":\"https:\\\/\\\/www.santanyi.net\\\/ca\\\/#\\\/schema\\\/logo\\\/image\\\/\",\"url\":\"https:\\\/\\\/www.santanyi.net\\\/wp-content\\\/uploads\\\/2025\\\/07\\\/logo-nuevo.png\",\"contentUrl\":\"https:\\\/\\\/www.santanyi.net\\\/wp-content\\\/uploads\\\/2025\\\/07\\\/logo-nuevo.png\",\"width\":295,\"height\":165,\"caption\":\"RE\\\/MAX Drac\"},\"image\":{\"@id\":\"https:\\\/\\\/www.santanyi.net\\\/ca\\\/#\\\/schema\\\/logo\\\/image\\\/\"}},{\"@type\":\"Person\",\"@id\":\"https:\\\/\\\/www.santanyi.net\\\/ca\\\/#\\\/schema\\\/person\\\/a51483cd81d1d66908f23087083c16fd\",\"name\":\"admin\",\"image\":{\"@type\":\"ImageObject\",\"inLanguage\":\"ca\",\"@id\":\"https:\\\/\\\/secure.gravatar.com\\\/avatar\\\/ad2dfbabc2755b417411c2f45505708204d4efb1679bbca3ab1b73683db5a2e6?s=96&d=mm&r=g\",\"url\":\"https:\\\/\\\/secure.gravatar.com\\\/avatar\\\/ad2dfbabc2755b417411c2f45505708204d4efb1679bbca3ab1b73683db5a2e6?s=96&d=mm&r=g\",\"contentUrl\":\"https:\\\/\\\/secure.gravatar.com\\\/avatar\\\/ad2dfbabc2755b417411c2f45505708204d4efb1679bbca3ab1b73683db5a2e6?s=96&d=mm&r=g\",\"caption\":\"admin\"},\"sameAs\":[\"https:\\\/\\\/drac.fxdw.dev\"],\"url\":\"https:\\\/\\\/www.santanyi.net\\\/ca\\\/author\\\/admindrac\\\/\"}]}<\/script>\n<!-- \/ Yoast SEO plugin. -->","yoast_head_json":{"title":"Casa estil mediterrani: qu\u00e8 el caracteritza i punts clau arquitect\u00f2nics - RE\/MAX Drac","robots":{"index":"index","follow":"follow","max-snippet":"max-snippet:-1","max-image-preview":"max-image-preview:large","max-video-preview":"max-video-preview:-1"},"canonical":"https:\/\/www.santanyi.net\/ca\/casa-estil-mediterrani-que-el-caracteritza-i-punts-clau-arquitectonics\/","og_locale":"ca_ES","og_type":"article","og_title":"Casa estil mediterrani: qu\u00e8 el caracteritza i punts clau arquitect\u00f2nics - RE\/MAX Drac","og_description":"La casa mediterr\u00e0nia \u00e9s una de les tipologies m\u00e9s representatives de Mallorca. El seu disseny no respon \u00fanicament a una q\u00fcesti\u00f3 est\u00e8tica, sin\u00f3 a una adaptaci\u00f3 intel\u00b7ligent al clima, al paisatge i la forma de vida de l&#8217;illa. Llum natural, materials nobles i connexi\u00f3 amb l&#8217;exterior s\u00f3n la base d&#8217;una arquitectura que ha perdurat durant [&hellip;]","og_url":"https:\/\/www.santanyi.net\/ca\/casa-estil-mediterrani-que-el-caracteritza-i-punts-clau-arquitectonics\/","og_site_name":"RE\/MAX Drac","article_published_time":"2026-02-23T08:50:49+00:00","og_image":[{"width":1920,"height":1313,"url":"https:\/\/www.santanyi.net\/wp-content\/uploads\/2026\/02\/casa-mediterranea1.jpg","type":"image\/jpeg"}],"author":"admin","twitter_card":"summary_large_image","twitter_misc":{"Escrit per":"admin","Temps estimat de lectura":"2 minuts"},"schema":{"@context":"https:\/\/schema.org","@graph":[{"@type":"Article","@id":"https:\/\/www.santanyi.net\/ca\/casa-estil-mediterrani-que-el-caracteritza-i-punts-clau-arquitectonics\/#article","isPartOf":{"@id":"https:\/\/www.santanyi.net\/ca\/casa-estil-mediterrani-que-el-caracteritza-i-punts-clau-arquitectonics\/"},"author":{"name":"admin","@id":"https:\/\/www.santanyi.net\/ca\/#\/schema\/person\/a51483cd81d1d66908f23087083c16fd"},"headline":"Casa estil mediterrani: qu\u00e8 el caracteritza i punts clau arquitect\u00f2nics","datePublished":"2026-02-23T08:50:49+00:00","mainEntityOfPage":{"@id":"https:\/\/www.santanyi.net\/ca\/casa-estil-mediterrani-que-el-caracteritza-i-punts-clau-arquitectonics\/"},"wordCount":524,"commentCount":0,"publisher":{"@id":"https:\/\/www.santanyi.net\/ca\/#organization"},"image":{"@id":"https:\/\/www.santanyi.net\/ca\/casa-estil-mediterrani-que-el-caracteritza-i-punts-clau-arquitectonics\/#primaryimage"},"thumbnailUrl":"https:\/\/www.santanyi.net\/wp-content\/uploads\/2026\/02\/casa-mediterranea1.jpg","articleSection":["Guies i consells"],"inLanguage":"ca","potentialAction":[{"@type":"CommentAction","name":"Comment","target":["https:\/\/www.santanyi.net\/ca\/casa-estil-mediterrani-que-el-caracteritza-i-punts-clau-arquitectonics\/#respond"]}]},{"@type":"WebPage","@id":"https:\/\/www.santanyi.net\/ca\/casa-estil-mediterrani-que-el-caracteritza-i-punts-clau-arquitectonics\/","url":"https:\/\/www.santanyi.net\/ca\/casa-estil-mediterrani-que-el-caracteritza-i-punts-clau-arquitectonics\/","name":"Casa estil mediterrani: qu\u00e8 el caracteritza i punts clau arquitect\u00f2nics - RE\/MAX Drac","isPartOf":{"@id":"https:\/\/www.santanyi.net\/ca\/#website"},"primaryImageOfPage":{"@id":"https:\/\/www.santanyi.net\/ca\/casa-estil-mediterrani-que-el-caracteritza-i-punts-clau-arquitectonics\/#primaryimage"},"image":{"@id":"https:\/\/www.santanyi.net\/ca\/casa-estil-mediterrani-que-el-caracteritza-i-punts-clau-arquitectonics\/#primaryimage"},"thumbnailUrl":"https:\/\/www.santanyi.net\/wp-content\/uploads\/2026\/02\/casa-mediterranea1.jpg","datePublished":"2026-02-23T08:50:49+00:00","breadcrumb":{"@id":"https:\/\/www.santanyi.net\/ca\/casa-estil-mediterrani-que-el-caracteritza-i-punts-clau-arquitectonics\/#breadcrumb"},"inLanguage":"ca","potentialAction":[{"@type":"ReadAction","target":["https:\/\/www.santanyi.net\/ca\/casa-estil-mediterrani-que-el-caracteritza-i-punts-clau-arquitectonics\/"]}]},{"@type":"ImageObject","inLanguage":"ca","@id":"https:\/\/www.santanyi.net\/ca\/casa-estil-mediterrani-que-el-caracteritza-i-punts-clau-arquitectonics\/#primaryimage","url":"https:\/\/www.santanyi.net\/wp-content\/uploads\/2026\/02\/casa-mediterranea1.jpg","contentUrl":"https:\/\/www.santanyi.net\/wp-content\/uploads\/2026\/02\/casa-mediterranea1.jpg","width":1920,"height":1313,"caption":"casa estilo mediterr\u00e1neo Santany\u00ed Mallorca"},{"@type":"BreadcrumbList","@id":"https:\/\/www.santanyi.net\/ca\/casa-estil-mediterrani-que-el-caracteritza-i-punts-clau-arquitectonics\/#breadcrumb","itemListElement":[{"@type":"ListItem","position":1,"name":"Home","item":"https:\/\/www.santanyi.net\/ca\/"},{"@type":"ListItem","position":2,"name":"Casa estil mediterrani: qu\u00e8 el caracteritza i punts clau arquitect\u00f2nics"}]},{"@type":"WebSite","@id":"https:\/\/www.santanyi.net\/ca\/#website","url":"https:\/\/www.santanyi.net\/ca\/","name":"RE\/MAX Drac","description":"","publisher":{"@id":"https:\/\/www.santanyi.net\/ca\/#organization"},"potentialAction":[{"@type":"SearchAction","target":{"@type":"EntryPoint","urlTemplate":"https:\/\/www.santanyi.net\/ca\/?s={search_term_string}"},"query-input":{"@type":"PropertyValueSpecification","valueRequired":true,"valueName":"search_term_string"}}],"inLanguage":"ca"},{"@type":"Organization","@id":"https:\/\/www.santanyi.net\/ca\/#organization","name":"RE\/MAX Drac","url":"https:\/\/www.santanyi.net\/ca\/","logo":{"@type":"ImageObject","inLanguage":"ca","@id":"https:\/\/www.santanyi.net\/ca\/#\/schema\/logo\/image\/","url":"https:\/\/www.santanyi.net\/wp-content\/uploads\/2025\/07\/logo-nuevo.png","contentUrl":"https:\/\/www.santanyi.net\/wp-content\/uploads\/2025\/07\/logo-nuevo.png","width":295,"height":165,"caption":"RE\/MAX Drac"},"image":{"@id":"https:\/\/www.santanyi.net\/ca\/#\/schema\/logo\/image\/"}},{"@type":"Person","@id":"https:\/\/www.santanyi.net\/ca\/#\/schema\/person\/a51483cd81d1d66908f23087083c16fd","name":"admin","image":{"@type":"ImageObject","inLanguage":"ca","@id":"https:\/\/secure.gravatar.com\/avatar\/ad2dfbabc2755b417411c2f45505708204d4efb1679bbca3ab1b73683db5a2e6?s=96&d=mm&r=g","url":"https:\/\/secure.gravatar.com\/avatar\/ad2dfbabc2755b417411c2f45505708204d4efb1679bbca3ab1b73683db5a2e6?s=96&d=mm&r=g","contentUrl":"https:\/\/secure.gravatar.com\/avatar\/ad2dfbabc2755b417411c2f45505708204d4efb1679bbca3ab1b73683db5a2e6?s=96&d=mm&r=g","caption":"admin"},"sameAs":["https:\/\/drac.fxdw.dev"],"url":"https:\/\/www.santanyi.net\/ca\/author\/admindrac\/"}]}},"_links":{"self":[{"href":"https:\/\/www.santanyi.net\/ca\/wp-json\/wp\/v2\/posts\/138865","targetHints":{"allow":["GET"]}}],"collection":[{"href":"https:\/\/www.santanyi.net\/ca\/wp-json\/wp\/v2\/posts"}],"about":[{"href":"https:\/\/www.santanyi.net\/ca\/wp-json\/wp\/v2\/types\/post"}],"author":[{"embeddable":true,"href":"https:\/\/www.santanyi.net\/ca\/wp-json\/wp\/v2\/users\/1"}],"replies":[{"embeddable":true,"href":"https:\/\/www.santanyi.net\/ca\/wp-json\/wp\/v2\/comments?post=138865"}],"version-history":[{"count":0,"href":"https:\/\/www.santanyi.net\/ca\/wp-json\/wp\/v2\/posts\/138865\/revisions"}],"wp:featuredmedia":[{"embeddable":true,"href":"https:\/\/www.santanyi.net\/ca\/wp-json\/wp\/v2\/media\/138862"}],"wp:attachment":[{"href":"https:\/\/www.santanyi.net\/ca\/wp-json\/wp\/v2\/media?parent=138865"}],"wp:term":[{"taxonomy":"category","embeddable":true,"href":"https:\/\/www.santanyi.net\/ca\/wp-json\/wp\/v2\/categories?post=138865"},{"taxonomy":"post_tag","embeddable":true,"href":"https:\/\/www.santanyi.net\/ca\/wp-json\/wp\/v2\/tags?post=138865"}],"curies":[{"name":"wp","href":"https:\/\/api.w.org\/{rel}","templated":true}]}}